{"id":1445,"date":"2021-01-14T11:12:28","date_gmt":"2021-01-14T10:12:28","guid":{"rendered":"https:\/\/asti71.org\/?p=1445"},"modified":"2026-04-02T15:52:16","modified_gmt":"2026-04-02T13:52:16","slug":"fasti-invitation-visioconference-abrogeons-le-ceseda","status":"publish","type":"post","link":"https:\/\/asti71.org\/index.php\/2021\/01\/14\/fasti-invitation-visioconference-abrogeons-le-ceseda\/","title":{"rendered":"FASTI &#8211; Invitation visioconf\u00e9rence Abrogeons le CESEDA"},"content":{"rendered":"<h2><a href=\"https:\/\/asti71.org\/index.php\/lasti\/la-fasti\/\">FASTI<\/a> &#8211; Invitation visioconf\u00e9rence Abrogeons le CESEDA<\/h2>\n<p><span style=\"font-size: 14pt;\"><strong>Samedi 23 janvier de 10h30 \u00e0 16h30 en visioconf\u00e9rence<\/strong><\/span> :<\/p>\n<p>10H30-12H30 \/ TABLE RONDE 1 : DE LA N\u00c9CESSIT\u00c9 D\u2019ABROGER LE CESEDA<br \/>\n\u2013 La logique r\u00e9pressive au coeur du CESEDA<br \/>\n\u2013 Le CESEDA, au service de l\u2019exploitation des personnes \u00e9trang\u00e8res<br \/>\n\u2013 Des origines aux implications coloniales, racistes et sexistes du CESEDA<br \/>\n\u2013 Loi d\u2019exception, loi de d\u00e9shumanisation<br \/>\nAvec la participation de Karine Parrot (Gisti), Cyb\u00e8le David (Solidaires) et Vanessa Fourez (Fasti).<\/p>\n<p>14H30-16H30 \/ TABLE RONDE 2 : CONCR\u00c9TISONS LA LIBERT\u00c9 DE CIRCULATION ET D\u2019INSTALLATION<br \/>\n\u2013 La r\u00e9gularisation des personnes sans-papiers : une condition n\u00e9cessaire \u00e0 la libert\u00e9 d\u2019installation<br \/>\n\u2013 En finir avec la criminalisation des personnes \u00e9trang\u00e8res : \u00c0 bas les CRA !<br \/>\n\u2013 La libert\u00e9 de circulation et d\u2019installation : l\u2019\u00e9mergence et l\u2019avenir d\u2019un mot d\u2019ordre<br \/>\n\u2013 D\u00e9passer le cadre de l\u2019\u00c9tat-nation pour concr\u00e9tiser nos luttes<br \/>\nAvec la participation de Denis Godard (Marche des Solidarit\u00e9s), \u00c0 bas les CRA, Violaine Carr\u00e8re (Gisti), Fernanda Marrucchelli (Fasti) et Sa\u00efd Bouamama (FUIQP).<\/p>\n<p>Pour vous inscrire : <a href=\"https:\/\/framaforms.org\/inscription-journee-publique-abrogeons-le-ceseda-concretisons-la-liberte-de-circulation-et\">cliquez ici<\/a><\/p>\n<p><a href=\"https:\/\/asti71.org\/wp-content\/uploads\/2021\/02\/Invitation-journee-Abrogeons-le-Ceseda-visio.pdf\"><img loading=\"lazy\" decoding=\"async\" class=\"alignnone wp-image-1447 size-full\" src=\"https:\/\/asti71.org\/wp-content\/uploads\/2021\/02\/Journee-publique-abrogation-CESEDA.png\" alt=\"\" width=\"792\" height=\"559\" srcset=\"https:\/\/asti71.org\/wp-content\/uploads\/2021\/02\/Journee-publique-abrogation-CESEDA.png 792w, https:\/\/asti71.org\/wp-content\/uploads\/2021\/02\/Journee-publique-abrogation-CESEDA-300x212.png 300w, https:\/\/asti71.org\/wp-content\/uploads\/2021\/02\/Journee-publique-abrogation-CESEDA-768x542.png 768w, https:\/\/asti71.org\/wp-content\/uploads\/2021\/02\/Journee-publique-abrogation-CESEDA-110x78.png 110w, https:\/\/asti71.org\/wp-content\/uploads\/2021\/02\/Journee-publique-abrogation-CESEDA-420x296.png 420w, https:\/\/asti71.org\/wp-content\/uploads\/2021\/02\/Journee-publique-abrogation-CESEDA-609x430.png 609w\" sizes=\"auto, (max-width: 792px) 100vw, 792px\" \/><\/a><\/p>\n","protected":false},"excerpt":{"rendered":"<p>FASTI &#8211; Invitation visioconf\u00e9rence Abrogeons le CESEDA Samedi 23 janvier de 10h30 \u00e0 16h30 en visioconf\u00e9rence : 10H30-12H30 \/ TABLE RONDE 1 : DE LA N\u00c9CESSIT\u00c9 D\u2019ABROGER LE CESEDA \u2013 La logique r\u00e9pressive au coeur du CESEDA \u2013 Le CESEDA, au service de l\u2019exploitation des personnes \u00e9trang\u00e8res \u2013 Des origines aux implications coloniales, racistes et [&hellip;]<\/p>\n","protected":false},"author":1,"featured_media":1447,"comment_status":"closed","ping_status":"closed","sticky":false,"template":"","format":"standard","meta":{"footnotes":""},"categories":[9,25],"tags":[],"class_list":["post-1445","post","type-post","status-publish","format-standard","has-post-thumbnail","hentry","category-actualites","category-evenement"],"yoast_head":"<!-- This site is optimized with the Yoast SEO plugin v27.5 - https:\/\/yoast.com\/product\/yoast-seo-wordpress\/ -->\n<title>FASTI - Invitation visioconf\u00e9rence Abrogeons le CESEDA - ASTI 71<\/title>\n<meta name=\"description\" content=\"FASTI - Invitation visioconf\u00e9rence Abrogeons le CESEDASamedi 23 janvier de 10h30 \u00e0 16h30 en visioconf\u00e9rence :10H30-12H30 \/ TABLE RONDE 1 : DE LA N\u00c9CESSIT\u00c9 D\u2019ABROGER LE CESEDA 14H30-16H30 \/ TABLE RONDE 2 : CONCR\u00c9TISONS LA LIBERT\u00c9 DE CIRCULATION ET D\u2019INSTALLATION\" \/>\n<meta name=\"robots\" content=\"index, follow, max-snippet:-1, max-image-preview:large, max-video-preview:-1\" \/>\n<link rel=\"canonical\" href=\"https:\/\/asti71.org\/index.php\/2021\/01\/14\/fasti-invitation-visioconference-abrogeons-le-ceseda\/\" \/>\n<meta property=\"og:locale\" content=\"fr_FR\" \/>\n<meta property=\"og:type\" content=\"article\" \/>\n<meta property=\"og:title\" content=\"FASTI - Invitation visioconf\u00e9rence Abrogeons le CESEDA - ASTI 71\" \/>\n<meta property=\"og:description\" content=\"FASTI - Invitation visioconf\u00e9rence Abrogeons le CESEDASamedi 23 janvier de 10h30 \u00e0 16h30 en visioconf\u00e9rence :10H30-12H30 \/ TABLE RONDE 1 : DE LA N\u00c9CESSIT\u00c9 D\u2019ABROGER LE CESEDA 14H30-16H30 \/ TABLE RONDE 2 : CONCR\u00c9TISONS LA LIBERT\u00c9 DE CIRCULATION ET D\u2019INSTALLATION\" \/>\n<meta property=\"og:url\" content=\"https:\/\/asti71.org\/index.php\/2021\/01\/14\/fasti-invitation-visioconference-abrogeons-le-ceseda\/\" \/>\n<meta property=\"og:site_name\" content=\"ASTI 71\" \/>\n<meta property=\"article:publisher\" content=\"https:\/\/www.facebook.com\/asti.chalon\/\" \/>\n<meta property=\"article:published_time\" content=\"2021-01-14T10:12:28+00:00\" \/>\n<meta property=\"article:modified_time\" content=\"2026-04-02T13:52:16+00:00\" \/>\n<meta property=\"og:image\" content=\"https:\/\/asti71.org\/wp-content\/uploads\/2021\/02\/Journee-publique-abrogation-CESEDA.png\" \/>\n\t<meta property=\"og:image:width\" content=\"792\" \/>\n\t<meta property=\"og:image:height\" content=\"559\" \/>\n\t<meta property=\"og:image:type\" content=\"image\/png\" \/>\n<meta name=\"author\" content=\"ASTI\" \/>\n<meta name=\"twitter:card\" content=\"summary_large_image\" \/>\n<meta name=\"twitter:label1\" content=\"\u00c9crit par\" \/>\n\t<meta name=\"twitter:data1\" content=\"ASTI\" \/>\n\t<meta name=\"twitter:label2\" content=\"Dur\u00e9e de lecture estim\u00e9e\" \/>\n\t<meta name=\"twitter:data2\" content=\"2 minutes\" \/>\n<script type=\"application\/ld+json\" class=\"yoast-schema-graph\">{\"@context\":\"https:\\\/\\\/schema.org\",\"@graph\":[{\"@type\":\"Article\",\"@id\":\"https:\\\/\\\/asti71.org\\\/index.php\\\/2021\\\/01\\\/14\\\/fasti-invitation-visioconference-abrogeons-le-ceseda\\\/#article\",\"isPartOf\":{\"@id\":\"https:\\\/\\\/asti71.org\\\/index.php\\\/2021\\\/01\\\/14\\\/fasti-invitation-visioconference-abrogeons-le-ceseda\\\/\"},\"author\":{\"name\":\"ASTI\",\"@id\":\"https:\\\/\\\/asti71.org\\\/#\\\/schema\\\/person\\\/abca5c6b761e6155394e56405f5365f3\"},\"headline\":\"FASTI &#8211; Invitation visioconf\u00e9rence Abrogeons le CESEDA\",\"datePublished\":\"2021-01-14T10:12:28+00:00\",\"dateModified\":\"2026-04-02T13:52:16+00:00\",\"mainEntityOfPage\":{\"@id\":\"https:\\\/\\\/asti71.org\\\/index.php\\\/2021\\\/01\\\/14\\\/fasti-invitation-visioconference-abrogeons-le-ceseda\\\/\"},\"wordCount\":187,\"publisher\":{\"@id\":\"https:\\\/\\\/asti71.org\\\/#organization\"},\"image\":{\"@id\":\"https:\\\/\\\/asti71.org\\\/index.php\\\/2021\\\/01\\\/14\\\/fasti-invitation-visioconference-abrogeons-le-ceseda\\\/#primaryimage\"},\"thumbnailUrl\":\"https:\\\/\\\/asti71.org\\\/wp-content\\\/uploads\\\/2021\\\/02\\\/Journee-publique-abrogation-CESEDA.png\",\"articleSection\":[\"Actualit\u00e9s\",\"Ev\u00e9nement\"],\"inLanguage\":\"fr-FR\"},{\"@type\":\"WebPage\",\"@id\":\"https:\\\/\\\/asti71.org\\\/index.php\\\/2021\\\/01\\\/14\\\/fasti-invitation-visioconference-abrogeons-le-ceseda\\\/\",\"url\":\"https:\\\/\\\/asti71.org\\\/index.php\\\/2021\\\/01\\\/14\\\/fasti-invitation-visioconference-abrogeons-le-ceseda\\\/\",\"name\":\"FASTI - Invitation visioconf\u00e9rence Abrogeons le CESEDA - ASTI 71\",\"isPartOf\":{\"@id\":\"https:\\\/\\\/asti71.org\\\/#website\"},\"primaryImageOfPage\":{\"@id\":\"https:\\\/\\\/asti71.org\\\/index.php\\\/2021\\\/01\\\/14\\\/fasti-invitation-visioconference-abrogeons-le-ceseda\\\/#primaryimage\"},\"image\":{\"@id\":\"https:\\\/\\\/asti71.org\\\/index.php\\\/2021\\\/01\\\/14\\\/fasti-invitation-visioconference-abrogeons-le-ceseda\\\/#primaryimage\"},\"thumbnailUrl\":\"https:\\\/\\\/asti71.org\\\/wp-content\\\/uploads\\\/2021\\\/02\\\/Journee-publique-abrogation-CESEDA.png\",\"datePublished\":\"2021-01-14T10:12:28+00:00\",\"dateModified\":\"2026-04-02T13:52:16+00:00\",\"description\":\"FASTI - Invitation visioconf\u00e9rence Abrogeons le CESEDASamedi 23 janvier de 10h30 \u00e0 16h30 en visioconf\u00e9rence :10H30-12H30 \\\/ TABLE RONDE 1 : DE LA N\u00c9CESSIT\u00c9 D\u2019ABROGER LE CESEDA 14H30-16H30 \\\/ TABLE RONDE 2 : CONCR\u00c9TISONS LA LIBERT\u00c9 DE CIRCULATION ET D\u2019INSTALLATION\",\"breadcrumb\":{\"@id\":\"https:\\\/\\\/asti71.org\\\/index.php\\\/2021\\\/01\\\/14\\\/fasti-invitation-visioconference-abrogeons-le-ceseda\\\/#breadcrumb\"},\"inLanguage\":\"fr-FR\",\"potentialAction\":[{\"@type\":\"ReadAction\",\"target\":[\"https:\\\/\\\/asti71.org\\\/index.php\\\/2021\\\/01\\\/14\\\/fasti-invitation-visioconference-abrogeons-le-ceseda\\\/\"]}]},{\"@type\":\"ImageObject\",\"inLanguage\":\"fr-FR\",\"@id\":\"https:\\\/\\\/asti71.org\\\/index.php\\\/2021\\\/01\\\/14\\\/fasti-invitation-visioconference-abrogeons-le-ceseda\\\/#primaryimage\",\"url\":\"https:\\\/\\\/asti71.org\\\/wp-content\\\/uploads\\\/2021\\\/02\\\/Journee-publique-abrogation-CESEDA.png\",\"contentUrl\":\"https:\\\/\\\/asti71.org\\\/wp-content\\\/uploads\\\/2021\\\/02\\\/Journee-publique-abrogation-CESEDA.png\",\"width\":792,\"height\":559},{\"@type\":\"BreadcrumbList\",\"@id\":\"https:\\\/\\\/asti71.org\\\/index.php\\\/2021\\\/01\\\/14\\\/fasti-invitation-visioconference-abrogeons-le-ceseda\\\/#breadcrumb\",\"itemListElement\":[{\"@type\":\"ListItem\",\"position\":1,\"name\":\"Accueil\",\"item\":\"https:\\\/\\\/asti71.org\\\/\"},{\"@type\":\"ListItem\",\"position\":2,\"name\":\"FASTI &#8211; Invitation visioconf\u00e9rence Abrogeons le CESEDA\"}]},{\"@type\":\"WebSite\",\"@id\":\"https:\\\/\\\/asti71.org\\\/#website\",\"url\":\"https:\\\/\\\/asti71.org\\\/\",\"name\":\"ASTI 71\",\"description\":\"\",\"publisher\":{\"@id\":\"https:\\\/\\\/asti71.org\\\/#organization\"},\"potentialAction\":[{\"@type\":\"SearchAction\",\"target\":{\"@type\":\"EntryPoint\",\"urlTemplate\":\"https:\\\/\\\/asti71.org\\\/?s={search_term_string}\"},\"query-input\":{\"@type\":\"PropertyValueSpecification\",\"valueRequired\":true,\"valueName\":\"search_term_string\"}}],\"inLanguage\":\"fr-FR\"},{\"@type\":\"Organization\",\"@id\":\"https:\\\/\\\/asti71.org\\\/#organization\",\"name\":\"ASTI 71\",\"url\":\"https:\\\/\\\/asti71.org\\\/\",\"logo\":{\"@type\":\"ImageObject\",\"inLanguage\":\"fr-FR\",\"@id\":\"https:\\\/\\\/asti71.org\\\/#\\\/schema\\\/logo\\\/image\\\/\",\"url\":\"https:\\\/\\\/asti71.org\\\/wp-content\\\/uploads\\\/2017\\\/10\\\/cropped-logo-e1508600698583.png\",\"contentUrl\":\"https:\\\/\\\/asti71.org\\\/wp-content\\\/uploads\\\/2017\\\/10\\\/cropped-logo-e1508600698583.png\",\"width\":100,\"height\":67,\"caption\":\"ASTI 71\"},\"image\":{\"@id\":\"https:\\\/\\\/asti71.org\\\/#\\\/schema\\\/logo\\\/image\\\/\"},\"sameAs\":[\"https:\\\/\\\/www.facebook.com\\\/asti.chalon\\\/\"]},{\"@type\":\"Person\",\"@id\":\"https:\\\/\\\/asti71.org\\\/#\\\/schema\\\/person\\\/abca5c6b761e6155394e56405f5365f3\",\"name\":\"ASTI\",\"url\":\"https:\\\/\\\/asti71.org\\\/index.php\\\/author\\\/admin9361\\\/\"}]}<\/script>\n<!-- \/ Yoast SEO plugin. -->","yoast_head_json":{"title":"FASTI - Invitation visioconf\u00e9rence Abrogeons le CESEDA - ASTI 71","description":"FASTI - Invitation visioconf\u00e9rence Abrogeons le CESEDASamedi 23 janvier de 10h30 \u00e0 16h30 en visioconf\u00e9rence :10H30-12H30 \/ TABLE RONDE 1 : DE LA N\u00c9CESSIT\u00c9 D\u2019ABROGER LE CESEDA 14H30-16H30 \/ TABLE RONDE 2 : CONCR\u00c9TISONS LA LIBERT\u00c9 DE CIRCULATION ET D\u2019INSTALLATION","robots":{"index":"index","follow":"follow","max-snippet":"max-snippet:-1","max-image-preview":"max-image-preview:large","max-video-preview":"max-video-preview:-1"},"canonical":"https:\/\/asti71.org\/index.php\/2021\/01\/14\/fasti-invitation-visioconference-abrogeons-le-ceseda\/","og_locale":"fr_FR","og_type":"article","og_title":"FASTI - Invitation visioconf\u00e9rence Abrogeons le CESEDA - ASTI 71","og_description":"FASTI - Invitation visioconf\u00e9rence Abrogeons le CESEDASamedi 23 janvier de 10h30 \u00e0 16h30 en visioconf\u00e9rence :10H30-12H30 \/ TABLE RONDE 1 : DE LA N\u00c9CESSIT\u00c9 D\u2019ABROGER LE CESEDA 14H30-16H30 \/ TABLE RONDE 2 : CONCR\u00c9TISONS LA LIBERT\u00c9 DE CIRCULATION ET D\u2019INSTALLATION","og_url":"https:\/\/asti71.org\/index.php\/2021\/01\/14\/fasti-invitation-visioconference-abrogeons-le-ceseda\/","og_site_name":"ASTI 71","article_publisher":"https:\/\/www.facebook.com\/asti.chalon\/","article_published_time":"2021-01-14T10:12:28+00:00","article_modified_time":"2026-04-02T13:52:16+00:00","og_image":[{"width":792,"height":559,"url":"https:\/\/asti71.org\/wp-content\/uploads\/2021\/02\/Journee-publique-abrogation-CESEDA.png","type":"image\/png"}],"author":"ASTI","twitter_card":"summary_large_image","twitter_misc":{"\u00c9crit par":"ASTI","Dur\u00e9e de lecture estim\u00e9e":"2 minutes"},"schema":{"@context":"https:\/\/schema.org","@graph":[{"@type":"Article","@id":"https:\/\/asti71.org\/index.php\/2021\/01\/14\/fasti-invitation-visioconference-abrogeons-le-ceseda\/#article","isPartOf":{"@id":"https:\/\/asti71.org\/index.php\/2021\/01\/14\/fasti-invitation-visioconference-abrogeons-le-ceseda\/"},"author":{"name":"ASTI","@id":"https:\/\/asti71.org\/#\/schema\/person\/abca5c6b761e6155394e56405f5365f3"},"headline":"FASTI &#8211; Invitation visioconf\u00e9rence Abrogeons le CESEDA","datePublished":"2021-01-14T10:12:28+00:00","dateModified":"2026-04-02T13:52:16+00:00","mainEntityOfPage":{"@id":"https:\/\/asti71.org\/index.php\/2021\/01\/14\/fasti-invitation-visioconference-abrogeons-le-ceseda\/"},"wordCount":187,"publisher":{"@id":"https:\/\/asti71.org\/#organization"},"image":{"@id":"https:\/\/asti71.org\/index.php\/2021\/01\/14\/fasti-invitation-visioconference-abrogeons-le-ceseda\/#primaryimage"},"thumbnailUrl":"https:\/\/asti71.org\/wp-content\/uploads\/2021\/02\/Journee-publique-abrogation-CESEDA.png","articleSection":["Actualit\u00e9s","Ev\u00e9nement"],"inLanguage":"fr-FR"},{"@type":"WebPage","@id":"https:\/\/asti71.org\/index.php\/2021\/01\/14\/fasti-invitation-visioconference-abrogeons-le-ceseda\/","url":"https:\/\/asti71.org\/index.php\/2021\/01\/14\/fasti-invitation-visioconference-abrogeons-le-ceseda\/","name":"FASTI - Invitation visioconf\u00e9rence Abrogeons le CESEDA - ASTI 71","isPartOf":{"@id":"https:\/\/asti71.org\/#website"},"primaryImageOfPage":{"@id":"https:\/\/asti71.org\/index.php\/2021\/01\/14\/fasti-invitation-visioconference-abrogeons-le-ceseda\/#primaryimage"},"image":{"@id":"https:\/\/asti71.org\/index.php\/2021\/01\/14\/fasti-invitation-visioconference-abrogeons-le-ceseda\/#primaryimage"},"thumbnailUrl":"https:\/\/asti71.org\/wp-content\/uploads\/2021\/02\/Journee-publique-abrogation-CESEDA.png","datePublished":"2021-01-14T10:12:28+00:00","dateModified":"2026-04-02T13:52:16+00:00","description":"FASTI - Invitation visioconf\u00e9rence Abrogeons le CESEDASamedi 23 janvier de 10h30 \u00e0 16h30 en visioconf\u00e9rence :10H30-12H30 \/ TABLE RONDE 1 : DE LA N\u00c9CESSIT\u00c9 D\u2019ABROGER LE CESEDA 14H30-16H30 \/ TABLE RONDE 2 : CONCR\u00c9TISONS LA LIBERT\u00c9 DE CIRCULATION ET D\u2019INSTALLATION","breadcrumb":{"@id":"https:\/\/asti71.org\/index.php\/2021\/01\/14\/fasti-invitation-visioconference-abrogeons-le-ceseda\/#breadcrumb"},"inLanguage":"fr-FR","potentialAction":[{"@type":"ReadAction","target":["https:\/\/asti71.org\/index.php\/2021\/01\/14\/fasti-invitation-visioconference-abrogeons-le-ceseda\/"]}]},{"@type":"ImageObject","inLanguage":"fr-FR","@id":"https:\/\/asti71.org\/index.php\/2021\/01\/14\/fasti-invitation-visioconference-abrogeons-le-ceseda\/#primaryimage","url":"https:\/\/asti71.org\/wp-content\/uploads\/2021\/02\/Journee-publique-abrogation-CESEDA.png","contentUrl":"https:\/\/asti71.org\/wp-content\/uploads\/2021\/02\/Journee-publique-abrogation-CESEDA.png","width":792,"height":559},{"@type":"BreadcrumbList","@id":"https:\/\/asti71.org\/index.php\/2021\/01\/14\/fasti-invitation-visioconference-abrogeons-le-ceseda\/#breadcrumb","itemListElement":[{"@type":"ListItem","position":1,"name":"Accueil","item":"https:\/\/asti71.org\/"},{"@type":"ListItem","position":2,"name":"FASTI &#8211; Invitation visioconf\u00e9rence Abrogeons le CESEDA"}]},{"@type":"WebSite","@id":"https:\/\/asti71.org\/#website","url":"https:\/\/asti71.org\/","name":"ASTI 71","description":"","publisher":{"@id":"https:\/\/asti71.org\/#organization"},"potentialAction":[{"@type":"SearchAction","target":{"@type":"EntryPoint","urlTemplate":"https:\/\/asti71.org\/?s={search_term_string}"},"query-input":{"@type":"PropertyValueSpecification","valueRequired":true,"valueName":"search_term_string"}}],"inLanguage":"fr-FR"},{"@type":"Organization","@id":"https:\/\/asti71.org\/#organization","name":"ASTI 71","url":"https:\/\/asti71.org\/","logo":{"@type":"ImageObject","inLanguage":"fr-FR","@id":"https:\/\/asti71.org\/#\/schema\/logo\/image\/","url":"https:\/\/asti71.org\/wp-content\/uploads\/2017\/10\/cropped-logo-e1508600698583.png","contentUrl":"https:\/\/asti71.org\/wp-content\/uploads\/2017\/10\/cropped-logo-e1508600698583.png","width":100,"height":67,"caption":"ASTI 71"},"image":{"@id":"https:\/\/asti71.org\/#\/schema\/logo\/image\/"},"sameAs":["https:\/\/www.facebook.com\/asti.chalon\/"]},{"@type":"Person","@id":"https:\/\/asti71.org\/#\/schema\/person\/abca5c6b761e6155394e56405f5365f3","name":"ASTI","url":"https:\/\/asti71.org\/index.php\/author\/admin9361\/"}]}},"_links":{"self":[{"href":"https:\/\/asti71.org\/index.php\/wp-json\/wp\/v2\/posts\/1445","targetHints":{"allow":["GET"]}}],"collection":[{"href":"https:\/\/asti71.org\/index.php\/wp-json\/wp\/v2\/posts"}],"about":[{"href":"https:\/\/asti71.org\/index.php\/wp-json\/wp\/v2\/types\/post"}],"author":[{"embeddable":true,"href":"https:\/\/asti71.org\/index.php\/wp-json\/wp\/v2\/users\/1"}],"replies":[{"embeddable":true,"href":"https:\/\/asti71.org\/index.php\/wp-json\/wp\/v2\/comments?post=1445"}],"version-history":[{"count":5,"href":"https:\/\/asti71.org\/index.php\/wp-json\/wp\/v2\/posts\/1445\/revisions"}],"predecessor-version":[{"id":2490,"href":"https:\/\/asti71.org\/index.php\/wp-json\/wp\/v2\/posts\/1445\/revisions\/2490"}],"wp:featuredmedia":[{"embeddable":true,"href":"https:\/\/asti71.org\/index.php\/wp-json\/wp\/v2\/media\/1447"}],"wp:attachment":[{"href":"https:\/\/asti71.org\/index.php\/wp-json\/wp\/v2\/media?parent=1445"}],"wp:term":[{"taxonomy":"category","embeddable":true,"href":"https:\/\/asti71.org\/index.php\/wp-json\/wp\/v2\/categories?post=1445"},{"taxonomy":"post_tag","embeddable":true,"href":"https:\/\/asti71.org\/index.php\/wp-json\/wp\/v2\/tags?post=1445"}],"curies":[{"name":"wp","href":"https:\/\/api.w.org\/{rel}","templated":true}]}}