{"id":1710,"date":"2022-08-16T14:14:01","date_gmt":"2022-08-16T12:14:01","guid":{"rendered":"https:\/\/asti71.org\/?p=1710"},"modified":"2026-04-02T16:04:26","modified_gmt":"2026-04-02T14:04:26","slug":"forum-des-associations-2","status":"publish","type":"post","link":"https:\/\/asti71.org\/index.php\/2022\/08\/16\/forum-des-associations-2\/","title":{"rendered":"Forum des associations : recherche b\u00e9n\u00e9voles !"},"content":{"rendered":"<p>Comme tous les ans, l&rsquo;ASTI sera pr\u00e9sent au Forum des associations de Chalon sur Sa\u00f4ne.<\/p>\n<p>Vous souhaitez <a href=\"https:\/\/asti71.org\/index.php\/agir-avec-nous\/devenir-benevole\/\">devenir b\u00e9n\u00e9vole<\/a> ?<\/p>\n<p>Nous recherchons des b\u00e9n\u00e9voles pour toutes nos activit\u00e9s : cours de fran\u00e7ais, accompagnement \u00e0 la scolarit\u00e9, accompagnement des personnes h\u00e9berg\u00e9es, communication, comptabilit\u00e9, &#8230;<\/p>\n<p>N&rsquo;h\u00e9sitez pas \u00e0 passer sur notre stand ou \u00e0 nous contacter directement au 03-85-43-57-11.<\/p>\n<p><a href=\"https:\/\/asti71.org\/wp-content\/uploads\/2022\/08\/03_2022-FORUM-DES-ASSOCIATIONS-AFFICHE-A3-BAT-V2-scaled.jpg\" data-rel=\"lightbox-image-0\" data-rl_title=\"\" data-rl_caption=\"\" title=\"\"><img loading=\"lazy\" decoding=\"async\" class=\"alignnone wp-image-1711 size-large\" src=\"https:\/\/asti71.org\/wp-content\/uploads\/2022\/08\/03_2022-FORUM-DES-ASSOCIATIONS-AFFICHE-A3-BAT-V2-724x1024.jpg\" alt=\"\" width=\"640\" height=\"905\" srcset=\"https:\/\/asti71.org\/wp-content\/uploads\/2022\/08\/03_2022-FORUM-DES-ASSOCIATIONS-AFFICHE-A3-BAT-V2-724x1024.jpg 724w, https:\/\/asti71.org\/wp-content\/uploads\/2022\/08\/03_2022-FORUM-DES-ASSOCIATIONS-AFFICHE-A3-BAT-V2-212x300.jpg 212w, https:\/\/asti71.org\/wp-content\/uploads\/2022\/08\/03_2022-FORUM-DES-ASSOCIATIONS-AFFICHE-A3-BAT-V2-768x1086.jpg 768w, https:\/\/asti71.org\/wp-content\/uploads\/2022\/08\/03_2022-FORUM-DES-ASSOCIATIONS-AFFICHE-A3-BAT-V2-1086x1536.jpg 1086w, https:\/\/asti71.org\/wp-content\/uploads\/2022\/08\/03_2022-FORUM-DES-ASSOCIATIONS-AFFICHE-A3-BAT-V2-1448x2048.jpg 1448w, https:\/\/asti71.org\/wp-content\/uploads\/2022\/08\/03_2022-FORUM-DES-ASSOCIATIONS-AFFICHE-A3-BAT-V2-78x110.jpg 78w, https:\/\/asti71.org\/wp-content\/uploads\/2022\/08\/03_2022-FORUM-DES-ASSOCIATIONS-AFFICHE-A3-BAT-V2-297x420.jpg 297w, https:\/\/asti71.org\/wp-content\/uploads\/2022\/08\/03_2022-FORUM-DES-ASSOCIATIONS-AFFICHE-A3-BAT-V2-304x430.jpg 304w, https:\/\/asti71.org\/wp-content\/uploads\/2022\/08\/03_2022-FORUM-DES-ASSOCIATIONS-AFFICHE-A3-BAT-V2-scaled.jpg 1810w\" sizes=\"auto, (max-width: 640px) 100vw, 640px\" \/><\/a><\/p>\n","protected":false},"excerpt":{"rendered":"<p>Comme tous les ans, l&rsquo;ASTI sera pr\u00e9sent au Forum des associations de Chalon sur Sa\u00f4ne. Vous souhaitez devenir b\u00e9n\u00e9vole ? Nous recherchons des b\u00e9n\u00e9voles pour toutes nos activit\u00e9s : cours de fran\u00e7ais, accompagnement \u00e0 la scolarit\u00e9, accompagnement des personnes h\u00e9berg\u00e9es, communication, comptabilit\u00e9, &#8230; N&rsquo;h\u00e9sitez pas \u00e0 passer sur notre stand ou \u00e0 nous contacter directement [&hellip;]<\/p>\n","protected":false},"author":1,"featured_media":1711,"comment_status":"closed","ping_status":"closed","sticky":false,"template":"","format":"standard","meta":{"footnotes":""},"categories":[9,25],"tags":[],"class_list":["post-1710","post","type-post","status-publish","format-standard","has-post-thumbnail","hentry","category-actualites","category-evenement"],"yoast_head":"<!-- This site is optimized with the Yoast SEO plugin v27.5 - https:\/\/yoast.com\/product\/yoast-seo-wordpress\/ -->\n<title>Forum des associations : recherche b\u00e9n\u00e9voles ! - ASTI 71<\/title>\n<meta name=\"description\" content=\"Comme tous les ans, l&#039;ASTI sera pr\u00e9sent au Forum des associations de Chalon sur Sa\u00f4ne.Vous souhaitez devenir b\u00e9n\u00e9vole ?Nous recherchons des b\u00e9n\u00e9voles pour toutes nos activit\u00e9s : cours de fran\u00e7ais, accompagnement \u00e0 la scolarit\u00e9, accompagnement des personnes h\u00e9berg\u00e9es, communication, comptabilit\u00e9, ...N&#039;h\u00e9sitez pas \u00e0 passer sur notre stand ou \u00e0 nous contacter\" \/>\n<meta name=\"robots\" content=\"index, follow, max-snippet:-1, max-image-preview:large, max-video-preview:-1\" \/>\n<link rel=\"canonical\" href=\"https:\/\/asti71.org\/index.php\/2022\/08\/16\/forum-des-associations-2\/\" \/>\n<meta property=\"og:locale\" content=\"fr_FR\" \/>\n<meta property=\"og:type\" content=\"article\" \/>\n<meta property=\"og:title\" content=\"Forum des associations : recherche b\u00e9n\u00e9voles ! - ASTI 71\" \/>\n<meta property=\"og:description\" content=\"Comme tous les ans, l&#039;ASTI sera pr\u00e9sent au Forum des associations de Chalon sur Sa\u00f4ne.Vous souhaitez devenir b\u00e9n\u00e9vole ?Nous recherchons des b\u00e9n\u00e9voles pour toutes nos activit\u00e9s : cours de fran\u00e7ais, accompagnement \u00e0 la scolarit\u00e9, accompagnement des personnes h\u00e9berg\u00e9es, communication, comptabilit\u00e9, ...N&#039;h\u00e9sitez pas \u00e0 passer sur notre stand ou \u00e0 nous contacter\" \/>\n<meta property=\"og:url\" content=\"https:\/\/asti71.org\/index.php\/2022\/08\/16\/forum-des-associations-2\/\" \/>\n<meta property=\"og:site_name\" content=\"ASTI 71\" \/>\n<meta property=\"article:publisher\" content=\"https:\/\/www.facebook.com\/asti.chalon\/\" \/>\n<meta property=\"article:published_time\" content=\"2022-08-16T12:14:01+00:00\" \/>\n<meta property=\"article:modified_time\" content=\"2026-04-02T14:04:26+00:00\" \/>\n<meta property=\"og:image\" content=\"https:\/\/asti71.org\/wp-content\/uploads\/2022\/08\/03_2022-FORUM-DES-ASSOCIATIONS-AFFICHE-A3-BAT-V2-scaled.jpg\" \/>\n\t<meta property=\"og:image:width\" content=\"1810\" \/>\n\t<meta property=\"og:image:height\" content=\"2560\" \/>\n\t<meta property=\"og:image:type\" content=\"image\/jpeg\" \/>\n<meta name=\"author\" content=\"ASTI\" \/>\n<meta name=\"twitter:card\" content=\"summary_large_image\" \/>\n<meta name=\"twitter:label1\" content=\"\u00c9crit par\" \/>\n\t<meta name=\"twitter:data1\" content=\"ASTI\" \/>\n\t<meta name=\"twitter:label2\" content=\"Dur\u00e9e de lecture estim\u00e9e\" \/>\n\t<meta name=\"twitter:data2\" content=\"1 minute\" \/>\n<script type=\"application\/ld+json\" class=\"yoast-schema-graph\">{\"@context\":\"https:\\\/\\\/schema.org\",\"@graph\":[{\"@type\":\"Article\",\"@id\":\"https:\\\/\\\/asti71.org\\\/index.php\\\/2022\\\/08\\\/16\\\/forum-des-associations-2\\\/#article\",\"isPartOf\":{\"@id\":\"https:\\\/\\\/asti71.org\\\/index.php\\\/2022\\\/08\\\/16\\\/forum-des-associations-2\\\/\"},\"author\":{\"name\":\"ASTI\",\"@id\":\"https:\\\/\\\/asti71.org\\\/#\\\/schema\\\/person\\\/abca5c6b761e6155394e56405f5365f3\"},\"headline\":\"Forum des associations : recherche b\u00e9n\u00e9voles !\",\"datePublished\":\"2022-08-16T12:14:01+00:00\",\"dateModified\":\"2026-04-02T14:04:26+00:00\",\"mainEntityOfPage\":{\"@id\":\"https:\\\/\\\/asti71.org\\\/index.php\\\/2022\\\/08\\\/16\\\/forum-des-associations-2\\\/\"},\"wordCount\":72,\"publisher\":{\"@id\":\"https:\\\/\\\/asti71.org\\\/#organization\"},\"image\":{\"@id\":\"https:\\\/\\\/asti71.org\\\/index.php\\\/2022\\\/08\\\/16\\\/forum-des-associations-2\\\/#primaryimage\"},\"thumbnailUrl\":\"https:\\\/\\\/asti71.org\\\/wp-content\\\/uploads\\\/2022\\\/08\\\/03_2022-FORUM-DES-ASSOCIATIONS-AFFICHE-A3-BAT-V2-scaled.jpg\",\"articleSection\":[\"Actualit\u00e9s\",\"Ev\u00e9nement\"],\"inLanguage\":\"fr-FR\"},{\"@type\":\"WebPage\",\"@id\":\"https:\\\/\\\/asti71.org\\\/index.php\\\/2022\\\/08\\\/16\\\/forum-des-associations-2\\\/\",\"url\":\"https:\\\/\\\/asti71.org\\\/index.php\\\/2022\\\/08\\\/16\\\/forum-des-associations-2\\\/\",\"name\":\"Forum des associations : recherche b\u00e9n\u00e9voles ! - ASTI 71\",\"isPartOf\":{\"@id\":\"https:\\\/\\\/asti71.org\\\/#website\"},\"primaryImageOfPage\":{\"@id\":\"https:\\\/\\\/asti71.org\\\/index.php\\\/2022\\\/08\\\/16\\\/forum-des-associations-2\\\/#primaryimage\"},\"image\":{\"@id\":\"https:\\\/\\\/asti71.org\\\/index.php\\\/2022\\\/08\\\/16\\\/forum-des-associations-2\\\/#primaryimage\"},\"thumbnailUrl\":\"https:\\\/\\\/asti71.org\\\/wp-content\\\/uploads\\\/2022\\\/08\\\/03_2022-FORUM-DES-ASSOCIATIONS-AFFICHE-A3-BAT-V2-scaled.jpg\",\"datePublished\":\"2022-08-16T12:14:01+00:00\",\"dateModified\":\"2026-04-02T14:04:26+00:00\",\"description\":\"Comme tous les ans, l'ASTI sera pr\u00e9sent au Forum des associations de Chalon sur Sa\u00f4ne.Vous souhaitez devenir b\u00e9n\u00e9vole ?Nous recherchons des b\u00e9n\u00e9voles pour toutes nos activit\u00e9s : cours de fran\u00e7ais, accompagnement \u00e0 la scolarit\u00e9, accompagnement des personnes h\u00e9berg\u00e9es, communication, comptabilit\u00e9, ...N'h\u00e9sitez pas \u00e0 passer sur notre stand ou \u00e0 nous contacter\",\"breadcrumb\":{\"@id\":\"https:\\\/\\\/asti71.org\\\/index.php\\\/2022\\\/08\\\/16\\\/forum-des-associations-2\\\/#breadcrumb\"},\"inLanguage\":\"fr-FR\",\"potentialAction\":[{\"@type\":\"ReadAction\",\"target\":[\"https:\\\/\\\/asti71.org\\\/index.php\\\/2022\\\/08\\\/16\\\/forum-des-associations-2\\\/\"]}]},{\"@type\":\"ImageObject\",\"inLanguage\":\"fr-FR\",\"@id\":\"https:\\\/\\\/asti71.org\\\/index.php\\\/2022\\\/08\\\/16\\\/forum-des-associations-2\\\/#primaryimage\",\"url\":\"https:\\\/\\\/asti71.org\\\/wp-content\\\/uploads\\\/2022\\\/08\\\/03_2022-FORUM-DES-ASSOCIATIONS-AFFICHE-A3-BAT-V2-scaled.jpg\",\"contentUrl\":\"https:\\\/\\\/asti71.org\\\/wp-content\\\/uploads\\\/2022\\\/08\\\/03_2022-FORUM-DES-ASSOCIATIONS-AFFICHE-A3-BAT-V2-scaled.jpg\",\"width\":1810,\"height\":2560},{\"@type\":\"BreadcrumbList\",\"@id\":\"https:\\\/\\\/asti71.org\\\/index.php\\\/2022\\\/08\\\/16\\\/forum-des-associations-2\\\/#breadcrumb\",\"itemListElement\":[{\"@type\":\"ListItem\",\"position\":1,\"name\":\"Accueil\",\"item\":\"https:\\\/\\\/asti71.org\\\/\"},{\"@type\":\"ListItem\",\"position\":2,\"name\":\"Forum des associations : recherche b\u00e9n\u00e9voles !\"}]},{\"@type\":\"WebSite\",\"@id\":\"https:\\\/\\\/asti71.org\\\/#website\",\"url\":\"https:\\\/\\\/asti71.org\\\/\",\"name\":\"ASTI 71\",\"description\":\"\",\"publisher\":{\"@id\":\"https:\\\/\\\/asti71.org\\\/#organization\"},\"potentialAction\":[{\"@type\":\"SearchAction\",\"target\":{\"@type\":\"EntryPoint\",\"urlTemplate\":\"https:\\\/\\\/asti71.org\\\/?s={search_term_string}\"},\"query-input\":{\"@type\":\"PropertyValueSpecification\",\"valueRequired\":true,\"valueName\":\"search_term_string\"}}],\"inLanguage\":\"fr-FR\"},{\"@type\":\"Organization\",\"@id\":\"https:\\\/\\\/asti71.org\\\/#organization\",\"name\":\"ASTI 71\",\"url\":\"https:\\\/\\\/asti71.org\\\/\",\"logo\":{\"@type\":\"ImageObject\",\"inLanguage\":\"fr-FR\",\"@id\":\"https:\\\/\\\/asti71.org\\\/#\\\/schema\\\/logo\\\/image\\\/\",\"url\":\"https:\\\/\\\/asti71.org\\\/wp-content\\\/uploads\\\/2017\\\/10\\\/cropped-logo-e1508600698583.png\",\"contentUrl\":\"https:\\\/\\\/asti71.org\\\/wp-content\\\/uploads\\\/2017\\\/10\\\/cropped-logo-e1508600698583.png\",\"width\":100,\"height\":67,\"caption\":\"ASTI 71\"},\"image\":{\"@id\":\"https:\\\/\\\/asti71.org\\\/#\\\/schema\\\/logo\\\/image\\\/\"},\"sameAs\":[\"https:\\\/\\\/www.facebook.com\\\/asti.chalon\\\/\"]},{\"@type\":\"Person\",\"@id\":\"https:\\\/\\\/asti71.org\\\/#\\\/schema\\\/person\\\/abca5c6b761e6155394e56405f5365f3\",\"name\":\"ASTI\",\"url\":\"https:\\\/\\\/asti71.org\\\/index.php\\\/author\\\/admin9361\\\/\"}]}<\/script>\n<!-- \/ Yoast SEO plugin. -->","yoast_head_json":{"title":"Forum des associations : recherche b\u00e9n\u00e9voles ! - ASTI 71","description":"Comme tous les ans, l'ASTI sera pr\u00e9sent au Forum des associations de Chalon sur Sa\u00f4ne.Vous souhaitez devenir b\u00e9n\u00e9vole ?Nous recherchons des b\u00e9n\u00e9voles pour toutes nos activit\u00e9s : cours de fran\u00e7ais, accompagnement \u00e0 la scolarit\u00e9, accompagnement des personnes h\u00e9berg\u00e9es, communication, comptabilit\u00e9, ...N'h\u00e9sitez pas \u00e0 passer sur notre stand ou \u00e0 nous contacter","robots":{"index":"index","follow":"follow","max-snippet":"max-snippet:-1","max-image-preview":"max-image-preview:large","max-video-preview":"max-video-preview:-1"},"canonical":"https:\/\/asti71.org\/index.php\/2022\/08\/16\/forum-des-associations-2\/","og_locale":"fr_FR","og_type":"article","og_title":"Forum des associations : recherche b\u00e9n\u00e9voles ! - ASTI 71","og_description":"Comme tous les ans, l'ASTI sera pr\u00e9sent au Forum des associations de Chalon sur Sa\u00f4ne.Vous souhaitez devenir b\u00e9n\u00e9vole ?Nous recherchons des b\u00e9n\u00e9voles pour toutes nos activit\u00e9s : cours de fran\u00e7ais, accompagnement \u00e0 la scolarit\u00e9, accompagnement des personnes h\u00e9berg\u00e9es, communication, comptabilit\u00e9, ...N'h\u00e9sitez pas \u00e0 passer sur notre stand ou \u00e0 nous contacter","og_url":"https:\/\/asti71.org\/index.php\/2022\/08\/16\/forum-des-associations-2\/","og_site_name":"ASTI 71","article_publisher":"https:\/\/www.facebook.com\/asti.chalon\/","article_published_time":"2022-08-16T12:14:01+00:00","article_modified_time":"2026-04-02T14:04:26+00:00","og_image":[{"width":1810,"height":2560,"url":"https:\/\/asti71.org\/wp-content\/uploads\/2022\/08\/03_2022-FORUM-DES-ASSOCIATIONS-AFFICHE-A3-BAT-V2-scaled.jpg","type":"image\/jpeg"}],"author":"ASTI","twitter_card":"summary_large_image","twitter_misc":{"\u00c9crit par":"ASTI","Dur\u00e9e de lecture estim\u00e9e":"1 minute"},"schema":{"@context":"https:\/\/schema.org","@graph":[{"@type":"Article","@id":"https:\/\/asti71.org\/index.php\/2022\/08\/16\/forum-des-associations-2\/#article","isPartOf":{"@id":"https:\/\/asti71.org\/index.php\/2022\/08\/16\/forum-des-associations-2\/"},"author":{"name":"ASTI","@id":"https:\/\/asti71.org\/#\/schema\/person\/abca5c6b761e6155394e56405f5365f3"},"headline":"Forum des associations : recherche b\u00e9n\u00e9voles !","datePublished":"2022-08-16T12:14:01+00:00","dateModified":"2026-04-02T14:04:26+00:00","mainEntityOfPage":{"@id":"https:\/\/asti71.org\/index.php\/2022\/08\/16\/forum-des-associations-2\/"},"wordCount":72,"publisher":{"@id":"https:\/\/asti71.org\/#organization"},"image":{"@id":"https:\/\/asti71.org\/index.php\/2022\/08\/16\/forum-des-associations-2\/#primaryimage"},"thumbnailUrl":"https:\/\/asti71.org\/wp-content\/uploads\/2022\/08\/03_2022-FORUM-DES-ASSOCIATIONS-AFFICHE-A3-BAT-V2-scaled.jpg","articleSection":["Actualit\u00e9s","Ev\u00e9nement"],"inLanguage":"fr-FR"},{"@type":"WebPage","@id":"https:\/\/asti71.org\/index.php\/2022\/08\/16\/forum-des-associations-2\/","url":"https:\/\/asti71.org\/index.php\/2022\/08\/16\/forum-des-associations-2\/","name":"Forum des associations : recherche b\u00e9n\u00e9voles ! - ASTI 71","isPartOf":{"@id":"https:\/\/asti71.org\/#website"},"primaryImageOfPage":{"@id":"https:\/\/asti71.org\/index.php\/2022\/08\/16\/forum-des-associations-2\/#primaryimage"},"image":{"@id":"https:\/\/asti71.org\/index.php\/2022\/08\/16\/forum-des-associations-2\/#primaryimage"},"thumbnailUrl":"https:\/\/asti71.org\/wp-content\/uploads\/2022\/08\/03_2022-FORUM-DES-ASSOCIATIONS-AFFICHE-A3-BAT-V2-scaled.jpg","datePublished":"2022-08-16T12:14:01+00:00","dateModified":"2026-04-02T14:04:26+00:00","description":"Comme tous les ans, l'ASTI sera pr\u00e9sent au Forum des associations de Chalon sur Sa\u00f4ne.Vous souhaitez devenir b\u00e9n\u00e9vole ?Nous recherchons des b\u00e9n\u00e9voles pour toutes nos activit\u00e9s : cours de fran\u00e7ais, accompagnement \u00e0 la scolarit\u00e9, accompagnement des personnes h\u00e9berg\u00e9es, communication, comptabilit\u00e9, ...N'h\u00e9sitez pas \u00e0 passer sur notre stand ou \u00e0 nous contacter","breadcrumb":{"@id":"https:\/\/asti71.org\/index.php\/2022\/08\/16\/forum-des-associations-2\/#breadcrumb"},"inLanguage":"fr-FR","potentialAction":[{"@type":"ReadAction","target":["https:\/\/asti71.org\/index.php\/2022\/08\/16\/forum-des-associations-2\/"]}]},{"@type":"ImageObject","inLanguage":"fr-FR","@id":"https:\/\/asti71.org\/index.php\/2022\/08\/16\/forum-des-associations-2\/#primaryimage","url":"https:\/\/asti71.org\/wp-content\/uploads\/2022\/08\/03_2022-FORUM-DES-ASSOCIATIONS-AFFICHE-A3-BAT-V2-scaled.jpg","contentUrl":"https:\/\/asti71.org\/wp-content\/uploads\/2022\/08\/03_2022-FORUM-DES-ASSOCIATIONS-AFFICHE-A3-BAT-V2-scaled.jpg","width":1810,"height":2560},{"@type":"BreadcrumbList","@id":"https:\/\/asti71.org\/index.php\/2022\/08\/16\/forum-des-associations-2\/#breadcrumb","itemListElement":[{"@type":"ListItem","position":1,"name":"Accueil","item":"https:\/\/asti71.org\/"},{"@type":"ListItem","position":2,"name":"Forum des associations : recherche b\u00e9n\u00e9voles !"}]},{"@type":"WebSite","@id":"https:\/\/asti71.org\/#website","url":"https:\/\/asti71.org\/","name":"ASTI 71","description":"","publisher":{"@id":"https:\/\/asti71.org\/#organization"},"potentialAction":[{"@type":"SearchAction","target":{"@type":"EntryPoint","urlTemplate":"https:\/\/asti71.org\/?s={search_term_string}"},"query-input":{"@type":"PropertyValueSpecification","valueRequired":true,"valueName":"search_term_string"}}],"inLanguage":"fr-FR"},{"@type":"Organization","@id":"https:\/\/asti71.org\/#organization","name":"ASTI 71","url":"https:\/\/asti71.org\/","logo":{"@type":"ImageObject","inLanguage":"fr-FR","@id":"https:\/\/asti71.org\/#\/schema\/logo\/image\/","url":"https:\/\/asti71.org\/wp-content\/uploads\/2017\/10\/cropped-logo-e1508600698583.png","contentUrl":"https:\/\/asti71.org\/wp-content\/uploads\/2017\/10\/cropped-logo-e1508600698583.png","width":100,"height":67,"caption":"ASTI 71"},"image":{"@id":"https:\/\/asti71.org\/#\/schema\/logo\/image\/"},"sameAs":["https:\/\/www.facebook.com\/asti.chalon\/"]},{"@type":"Person","@id":"https:\/\/asti71.org\/#\/schema\/person\/abca5c6b761e6155394e56405f5365f3","name":"ASTI","url":"https:\/\/asti71.org\/index.php\/author\/admin9361\/"}]}},"_links":{"self":[{"href":"https:\/\/asti71.org\/index.php\/wp-json\/wp\/v2\/posts\/1710","targetHints":{"allow":["GET"]}}],"collection":[{"href":"https:\/\/asti71.org\/index.php\/wp-json\/wp\/v2\/posts"}],"about":[{"href":"https:\/\/asti71.org\/index.php\/wp-json\/wp\/v2\/types\/post"}],"author":[{"embeddable":true,"href":"https:\/\/asti71.org\/index.php\/wp-json\/wp\/v2\/users\/1"}],"replies":[{"embeddable":true,"href":"https:\/\/asti71.org\/index.php\/wp-json\/wp\/v2\/comments?post=1710"}],"version-history":[{"count":3,"href":"https:\/\/asti71.org\/index.php\/wp-json\/wp\/v2\/posts\/1710\/revisions"}],"predecessor-version":[{"id":2507,"href":"https:\/\/asti71.org\/index.php\/wp-json\/wp\/v2\/posts\/1710\/revisions\/2507"}],"wp:featuredmedia":[{"embeddable":true,"href":"https:\/\/asti71.org\/index.php\/wp-json\/wp\/v2\/media\/1711"}],"wp:attachment":[{"href":"https:\/\/asti71.org\/index.php\/wp-json\/wp\/v2\/media?parent=1710"}],"wp:term":[{"taxonomy":"category","embeddable":true,"href":"https:\/\/asti71.org\/index.php\/wp-json\/wp\/v2\/categories?post=1710"},{"taxonomy":"post_tag","embeddable":true,"href":"https:\/\/asti71.org\/index.php\/wp-json\/wp\/v2\/tags?post=1710"}],"curies":[{"name":"wp","href":"https:\/\/api.w.org\/{rel}","templated":true}]}}