{"id":1772,"date":"2022-06-27T16:29:29","date_gmt":"2022-06-27T14:29:29","guid":{"rendered":"https:\/\/asti71.org\/?p=1772"},"modified":"2026-04-02T14:15:21","modified_gmt":"2026-04-02T12:15:21","slug":"sortie-a-dijon","status":"publish","type":"post","link":"https:\/\/asti71.org\/index.php\/2022\/06\/27\/sortie-a-dijon\/","title":{"rendered":"Sortie \u00e0 Dijon"},"content":{"rendered":"<p>Pour f\u00eater l&rsquo;arriv\u00e9e des vacances scolaires, l&rsquo;ASTI a propos\u00e9 aux enfants de l&rsquo;<a href=\"https:\/\/asti71.org\/index.php\/nos-actions\/accompagnement-scolaire\/\">accompagnement \u00e0 la scolarit\u00e9<\/a> une sortie au jardin de l&rsquo;Arquebuse de Dijon.<\/p>\n<p>Apr\u00e8s un trajet en train, une premi\u00e8re pour beaucoup d&rsquo;entre eux, un beau programme les attendait :<\/p>\n<ul>\n<li>visite du Plan\u00e9tarium et visionnage de 2 courts-m\u00e9trages<\/li>\n<li>pique-nique et d\u00e9couverte du jardin botanique<\/li>\n<li>visite du mus\u00e9um d&rsquo;Histoire naturelle<\/li>\n<li>go\u00fbter dans le jardin<\/li>\n<li>visite de l&rsquo;exposition \u00ab MIAM ! Je mange donc je suis \u00bb<\/li>\n<\/ul>\n<p>Les enfants ont beaucoup appr\u00e9ci\u00e9 cette journ\u00e9e tr\u00e8s ensoleill\u00e9e qui s&rsquo;est finie sous une pluie battante !<\/p>\n<p><a href=\"https:\/\/asti71.org\/wp-content\/uploads\/2022\/10\/Sortie-Dijon.png\" data-rel=\"lightbox-image-0\" data-rl_title=\"\" data-rl_caption=\"\" title=\"\"><img loading=\"lazy\" decoding=\"async\" class=\"alignnone size-medium wp-image-1773\" src=\"https:\/\/asti71.org\/wp-content\/uploads\/2022\/10\/Sortie-Dijon-300x240.png\" alt=\"\" width=\"300\" height=\"240\" srcset=\"https:\/\/asti71.org\/wp-content\/uploads\/2022\/10\/Sortie-Dijon-300x240.png 300w, https:\/\/asti71.org\/wp-content\/uploads\/2022\/10\/Sortie-Dijon-1024x819.png 1024w, https:\/\/asti71.org\/wp-content\/uploads\/2022\/10\/Sortie-Dijon-768x614.png 768w, https:\/\/asti71.org\/wp-content\/uploads\/2022\/10\/Sortie-Dijon-1536x1229.png 1536w, https:\/\/asti71.org\/wp-content\/uploads\/2022\/10\/Sortie-Dijon-110x88.png 110w, https:\/\/asti71.org\/wp-content\/uploads\/2022\/10\/Sortie-Dijon-420x336.png 420w, https:\/\/asti71.org\/wp-content\/uploads\/2022\/10\/Sortie-Dijon-538x430.png 538w, https:\/\/asti71.org\/wp-content\/uploads\/2022\/10\/Sortie-Dijon.png 2000w\" sizes=\"auto, (max-width: 300px) 100vw, 300px\" \/><\/a><\/p>\n","protected":false},"excerpt":{"rendered":"<p>Pour f\u00eater l&rsquo;arriv\u00e9e des vacances scolaires, l&rsquo;ASTI a propos\u00e9 aux enfants de l&rsquo;accompagnement \u00e0 la scolarit\u00e9 une sortie au jardin de l&rsquo;Arquebuse de Dijon. Apr\u00e8s un trajet en train, une premi\u00e8re pour beaucoup d&rsquo;entre eux, un beau programme les attendait : visite du Plan\u00e9tarium et visionnage de 2 courts-m\u00e9trages pique-nique et d\u00e9couverte du jardin botanique [&hellip;]<\/p>\n","protected":false},"author":1,"featured_media":1773,"comment_status":"closed","ping_status":"closed","sticky":false,"template":"","format":"standard","meta":{"footnotes":""},"categories":[21,15],"tags":[],"class_list":["post-1772","post","type-post","status-publish","format-standard","has-post-thumbnail","hentry","category-accompagnement-a-la-scolarite","category-en-direct-des-ateliers"],"yoast_head":"<!-- This site is optimized with the Yoast SEO plugin v27.5 - https:\/\/yoast.com\/product\/yoast-seo-wordpress\/ -->\n<title>Sortie \u00e0 Dijon - ASTI 71<\/title>\n<meta name=\"description\" content=\"Pour f\u00eater l&#039;arriv\u00e9e des vacances scolaires, l&#039;ASTI a propos\u00e9 aux enfants de l&#039;accompagnement \u00e0 la scolarit\u00e9 une sortie au jardin de l&#039;Arquebuse de Dijon.Apr\u00e8s un trajet en train, une premi\u00e8re pour beaucoup d&#039;entre eux, un beau programme les attendait :visite du Plan\u00e9tarium et visionnage de 2 courts-m\u00e9tragespique-nique et d\u00e9couverte du jardin botaniquevisite du mus\u00e9um d&#039;Histoire naturellego\u00fbter dans le jardinvisite de l&#039;exposition \u00ab MIAM ! Je mange donc je suis \u00bbLes enfants ont beaucoup appr\u00e9ci\u00e9 cette journ\u00e9e tr\u00e8s ensoleill\u00e9e qui s&#039;est finie sous une pluie battante !\" \/>\n<meta name=\"robots\" content=\"index, follow, max-snippet:-1, max-image-preview:large, max-video-preview:-1\" \/>\n<link rel=\"canonical\" href=\"https:\/\/asti71.org\/index.php\/2022\/06\/27\/sortie-a-dijon\/\" \/>\n<meta property=\"og:locale\" content=\"fr_FR\" \/>\n<meta property=\"og:type\" content=\"article\" \/>\n<meta property=\"og:title\" content=\"Sortie \u00e0 Dijon - ASTI 71\" \/>\n<meta property=\"og:description\" content=\"Pour f\u00eater l&#039;arriv\u00e9e des vacances scolaires, l&#039;ASTI a propos\u00e9 aux enfants de l&#039;accompagnement \u00e0 la scolarit\u00e9 une sortie au jardin de l&#039;Arquebuse de Dijon.Apr\u00e8s un trajet en train, une premi\u00e8re pour beaucoup d&#039;entre eux, un beau programme les attendait :visite du Plan\u00e9tarium et visionnage de 2 courts-m\u00e9tragespique-nique et d\u00e9couverte du jardin botaniquevisite du mus\u00e9um d&#039;Histoire naturellego\u00fbter dans le jardinvisite de l&#039;exposition \u00ab MIAM ! Je mange donc je suis \u00bbLes enfants ont beaucoup appr\u00e9ci\u00e9 cette journ\u00e9e tr\u00e8s ensoleill\u00e9e qui s&#039;est finie sous une pluie battante !\" \/>\n<meta property=\"og:url\" content=\"https:\/\/asti71.org\/index.php\/2022\/06\/27\/sortie-a-dijon\/\" \/>\n<meta property=\"og:site_name\" content=\"ASTI 71\" \/>\n<meta property=\"article:publisher\" content=\"https:\/\/www.facebook.com\/asti.chalon\/\" \/>\n<meta property=\"article:published_time\" content=\"2022-06-27T14:29:29+00:00\" \/>\n<meta property=\"article:modified_time\" content=\"2026-04-02T12:15:21+00:00\" \/>\n<meta property=\"og:image\" content=\"https:\/\/asti71.org\/wp-content\/uploads\/2022\/10\/Sortie-Dijon-1024x819.png\" \/>\n\t<meta property=\"og:image:width\" content=\"1024\" \/>\n\t<meta property=\"og:image:height\" content=\"819\" \/>\n\t<meta property=\"og:image:type\" content=\"image\/png\" \/>\n<meta name=\"author\" content=\"ASTI\" \/>\n<meta name=\"twitter:card\" content=\"summary_large_image\" \/>\n<meta name=\"twitter:label1\" content=\"\u00c9crit par\" \/>\n\t<meta name=\"twitter:data1\" content=\"ASTI\" \/>\n\t<meta name=\"twitter:label2\" content=\"Dur\u00e9e de lecture estim\u00e9e\" \/>\n\t<meta name=\"twitter:data2\" content=\"1 minute\" \/>\n<script type=\"application\/ld+json\" class=\"yoast-schema-graph\">{\"@context\":\"https:\\\/\\\/schema.org\",\"@graph\":[{\"@type\":\"Article\",\"@id\":\"https:\\\/\\\/asti71.org\\\/index.php\\\/2022\\\/06\\\/27\\\/sortie-a-dijon\\\/#article\",\"isPartOf\":{\"@id\":\"https:\\\/\\\/asti71.org\\\/index.php\\\/2022\\\/06\\\/27\\\/sortie-a-dijon\\\/\"},\"author\":{\"name\":\"ASTI\",\"@id\":\"https:\\\/\\\/asti71.org\\\/#\\\/schema\\\/person\\\/abca5c6b761e6155394e56405f5365f3\"},\"headline\":\"Sortie \u00e0 Dijon\",\"datePublished\":\"2022-06-27T14:29:29+00:00\",\"dateModified\":\"2026-04-02T12:15:21+00:00\",\"mainEntityOfPage\":{\"@id\":\"https:\\\/\\\/asti71.org\\\/index.php\\\/2022\\\/06\\\/27\\\/sortie-a-dijon\\\/\"},\"wordCount\":101,\"publisher\":{\"@id\":\"https:\\\/\\\/asti71.org\\\/#organization\"},\"image\":{\"@id\":\"https:\\\/\\\/asti71.org\\\/index.php\\\/2022\\\/06\\\/27\\\/sortie-a-dijon\\\/#primaryimage\"},\"thumbnailUrl\":\"https:\\\/\\\/asti71.org\\\/wp-content\\\/uploads\\\/2022\\\/10\\\/Sortie-Dijon.png\",\"articleSection\":[\"Accompagnement \u00e0 la scolarit\u00e9\",\"En direct des ateliers\"],\"inLanguage\":\"fr-FR\"},{\"@type\":\"WebPage\",\"@id\":\"https:\\\/\\\/asti71.org\\\/index.php\\\/2022\\\/06\\\/27\\\/sortie-a-dijon\\\/\",\"url\":\"https:\\\/\\\/asti71.org\\\/index.php\\\/2022\\\/06\\\/27\\\/sortie-a-dijon\\\/\",\"name\":\"Sortie \u00e0 Dijon - ASTI 71\",\"isPartOf\":{\"@id\":\"https:\\\/\\\/asti71.org\\\/#website\"},\"primaryImageOfPage\":{\"@id\":\"https:\\\/\\\/asti71.org\\\/index.php\\\/2022\\\/06\\\/27\\\/sortie-a-dijon\\\/#primaryimage\"},\"image\":{\"@id\":\"https:\\\/\\\/asti71.org\\\/index.php\\\/2022\\\/06\\\/27\\\/sortie-a-dijon\\\/#primaryimage\"},\"thumbnailUrl\":\"https:\\\/\\\/asti71.org\\\/wp-content\\\/uploads\\\/2022\\\/10\\\/Sortie-Dijon.png\",\"datePublished\":\"2022-06-27T14:29:29+00:00\",\"dateModified\":\"2026-04-02T12:15:21+00:00\",\"description\":\"Pour f\u00eater l'arriv\u00e9e des vacances scolaires, l'ASTI a propos\u00e9 aux enfants de l'accompagnement \u00e0 la scolarit\u00e9 une sortie au jardin de l'Arquebuse de Dijon.Apr\u00e8s un trajet en train, une premi\u00e8re pour beaucoup d'entre eux, un beau programme les attendait :visite du Plan\u00e9tarium et visionnage de 2 courts-m\u00e9tragespique-nique et d\u00e9couverte du jardin botaniquevisite du mus\u00e9um d'Histoire naturellego\u00fbter dans le jardinvisite de l'exposition \u00ab MIAM ! Je mange donc je suis \u00bbLes enfants ont beaucoup appr\u00e9ci\u00e9 cette journ\u00e9e tr\u00e8s ensoleill\u00e9e qui s'est finie sous une pluie battante !\",\"breadcrumb\":{\"@id\":\"https:\\\/\\\/asti71.org\\\/index.php\\\/2022\\\/06\\\/27\\\/sortie-a-dijon\\\/#breadcrumb\"},\"inLanguage\":\"fr-FR\",\"potentialAction\":[{\"@type\":\"ReadAction\",\"target\":[\"https:\\\/\\\/asti71.org\\\/index.php\\\/2022\\\/06\\\/27\\\/sortie-a-dijon\\\/\"]}]},{\"@type\":\"ImageObject\",\"inLanguage\":\"fr-FR\",\"@id\":\"https:\\\/\\\/asti71.org\\\/index.php\\\/2022\\\/06\\\/27\\\/sortie-a-dijon\\\/#primaryimage\",\"url\":\"https:\\\/\\\/asti71.org\\\/wp-content\\\/uploads\\\/2022\\\/10\\\/Sortie-Dijon.png\",\"contentUrl\":\"https:\\\/\\\/asti71.org\\\/wp-content\\\/uploads\\\/2022\\\/10\\\/Sortie-Dijon.png\",\"width\":2000,\"height\":1600},{\"@type\":\"BreadcrumbList\",\"@id\":\"https:\\\/\\\/asti71.org\\\/index.php\\\/2022\\\/06\\\/27\\\/sortie-a-dijon\\\/#breadcrumb\",\"itemListElement\":[{\"@type\":\"ListItem\",\"position\":1,\"name\":\"Accueil\",\"item\":\"https:\\\/\\\/asti71.org\\\/\"},{\"@type\":\"ListItem\",\"position\":2,\"name\":\"Sortie \u00e0 Dijon\"}]},{\"@type\":\"WebSite\",\"@id\":\"https:\\\/\\\/asti71.org\\\/#website\",\"url\":\"https:\\\/\\\/asti71.org\\\/\",\"name\":\"ASTI 71\",\"description\":\"\",\"publisher\":{\"@id\":\"https:\\\/\\\/asti71.org\\\/#organization\"},\"potentialAction\":[{\"@type\":\"SearchAction\",\"target\":{\"@type\":\"EntryPoint\",\"urlTemplate\":\"https:\\\/\\\/asti71.org\\\/?s={search_term_string}\"},\"query-input\":{\"@type\":\"PropertyValueSpecification\",\"valueRequired\":true,\"valueName\":\"search_term_string\"}}],\"inLanguage\":\"fr-FR\"},{\"@type\":\"Organization\",\"@id\":\"https:\\\/\\\/asti71.org\\\/#organization\",\"name\":\"ASTI 71\",\"url\":\"https:\\\/\\\/asti71.org\\\/\",\"logo\":{\"@type\":\"ImageObject\",\"inLanguage\":\"fr-FR\",\"@id\":\"https:\\\/\\\/asti71.org\\\/#\\\/schema\\\/logo\\\/image\\\/\",\"url\":\"https:\\\/\\\/asti71.org\\\/wp-content\\\/uploads\\\/2017\\\/10\\\/cropped-logo-e1508600698583.png\",\"contentUrl\":\"https:\\\/\\\/asti71.org\\\/wp-content\\\/uploads\\\/2017\\\/10\\\/cropped-logo-e1508600698583.png\",\"width\":100,\"height\":67,\"caption\":\"ASTI 71\"},\"image\":{\"@id\":\"https:\\\/\\\/asti71.org\\\/#\\\/schema\\\/logo\\\/image\\\/\"},\"sameAs\":[\"https:\\\/\\\/www.facebook.com\\\/asti.chalon\\\/\"]},{\"@type\":\"Person\",\"@id\":\"https:\\\/\\\/asti71.org\\\/#\\\/schema\\\/person\\\/abca5c6b761e6155394e56405f5365f3\",\"name\":\"ASTI\",\"url\":\"https:\\\/\\\/asti71.org\\\/index.php\\\/author\\\/admin9361\\\/\"}]}<\/script>\n<!-- \/ Yoast SEO plugin. -->","yoast_head_json":{"title":"Sortie \u00e0 Dijon - ASTI 71","description":"Pour f\u00eater l'arriv\u00e9e des vacances scolaires, l'ASTI a propos\u00e9 aux enfants de l'accompagnement \u00e0 la scolarit\u00e9 une sortie au jardin de l'Arquebuse de Dijon.Apr\u00e8s un trajet en train, une premi\u00e8re pour beaucoup d'entre eux, un beau programme les attendait :visite du Plan\u00e9tarium et visionnage de 2 courts-m\u00e9tragespique-nique et d\u00e9couverte du jardin botaniquevisite du mus\u00e9um d'Histoire naturellego\u00fbter dans le jardinvisite de l'exposition \u00ab MIAM ! Je mange donc je suis \u00bbLes enfants ont beaucoup appr\u00e9ci\u00e9 cette journ\u00e9e tr\u00e8s ensoleill\u00e9e qui s'est finie sous une pluie battante !","robots":{"index":"index","follow":"follow","max-snippet":"max-snippet:-1","max-image-preview":"max-image-preview:large","max-video-preview":"max-video-preview:-1"},"canonical":"https:\/\/asti71.org\/index.php\/2022\/06\/27\/sortie-a-dijon\/","og_locale":"fr_FR","og_type":"article","og_title":"Sortie \u00e0 Dijon - ASTI 71","og_description":"Pour f\u00eater l'arriv\u00e9e des vacances scolaires, l'ASTI a propos\u00e9 aux enfants de l'accompagnement \u00e0 la scolarit\u00e9 une sortie au jardin de l'Arquebuse de Dijon.Apr\u00e8s un trajet en train, une premi\u00e8re pour beaucoup d'entre eux, un beau programme les attendait :visite du Plan\u00e9tarium et visionnage de 2 courts-m\u00e9tragespique-nique et d\u00e9couverte du jardin botaniquevisite du mus\u00e9um d'Histoire naturellego\u00fbter dans le jardinvisite de l'exposition \u00ab MIAM ! Je mange donc je suis \u00bbLes enfants ont beaucoup appr\u00e9ci\u00e9 cette journ\u00e9e tr\u00e8s ensoleill\u00e9e qui s'est finie sous une pluie battante !","og_url":"https:\/\/asti71.org\/index.php\/2022\/06\/27\/sortie-a-dijon\/","og_site_name":"ASTI 71","article_publisher":"https:\/\/www.facebook.com\/asti.chalon\/","article_published_time":"2022-06-27T14:29:29+00:00","article_modified_time":"2026-04-02T12:15:21+00:00","og_image":[{"width":1024,"height":819,"url":"https:\/\/asti71.org\/wp-content\/uploads\/2022\/10\/Sortie-Dijon-1024x819.png","type":"image\/png"}],"author":"ASTI","twitter_card":"summary_large_image","twitter_misc":{"\u00c9crit par":"ASTI","Dur\u00e9e de lecture estim\u00e9e":"1 minute"},"schema":{"@context":"https:\/\/schema.org","@graph":[{"@type":"Article","@id":"https:\/\/asti71.org\/index.php\/2022\/06\/27\/sortie-a-dijon\/#article","isPartOf":{"@id":"https:\/\/asti71.org\/index.php\/2022\/06\/27\/sortie-a-dijon\/"},"author":{"name":"ASTI","@id":"https:\/\/asti71.org\/#\/schema\/person\/abca5c6b761e6155394e56405f5365f3"},"headline":"Sortie \u00e0 Dijon","datePublished":"2022-06-27T14:29:29+00:00","dateModified":"2026-04-02T12:15:21+00:00","mainEntityOfPage":{"@id":"https:\/\/asti71.org\/index.php\/2022\/06\/27\/sortie-a-dijon\/"},"wordCount":101,"publisher":{"@id":"https:\/\/asti71.org\/#organization"},"image":{"@id":"https:\/\/asti71.org\/index.php\/2022\/06\/27\/sortie-a-dijon\/#primaryimage"},"thumbnailUrl":"https:\/\/asti71.org\/wp-content\/uploads\/2022\/10\/Sortie-Dijon.png","articleSection":["Accompagnement \u00e0 la scolarit\u00e9","En direct des ateliers"],"inLanguage":"fr-FR"},{"@type":"WebPage","@id":"https:\/\/asti71.org\/index.php\/2022\/06\/27\/sortie-a-dijon\/","url":"https:\/\/asti71.org\/index.php\/2022\/06\/27\/sortie-a-dijon\/","name":"Sortie \u00e0 Dijon - ASTI 71","isPartOf":{"@id":"https:\/\/asti71.org\/#website"},"primaryImageOfPage":{"@id":"https:\/\/asti71.org\/index.php\/2022\/06\/27\/sortie-a-dijon\/#primaryimage"},"image":{"@id":"https:\/\/asti71.org\/index.php\/2022\/06\/27\/sortie-a-dijon\/#primaryimage"},"thumbnailUrl":"https:\/\/asti71.org\/wp-content\/uploads\/2022\/10\/Sortie-Dijon.png","datePublished":"2022-06-27T14:29:29+00:00","dateModified":"2026-04-02T12:15:21+00:00","description":"Pour f\u00eater l'arriv\u00e9e des vacances scolaires, l'ASTI a propos\u00e9 aux enfants de l'accompagnement \u00e0 la scolarit\u00e9 une sortie au jardin de l'Arquebuse de Dijon.Apr\u00e8s un trajet en train, une premi\u00e8re pour beaucoup d'entre eux, un beau programme les attendait :visite du Plan\u00e9tarium et visionnage de 2 courts-m\u00e9tragespique-nique et d\u00e9couverte du jardin botaniquevisite du mus\u00e9um d'Histoire naturellego\u00fbter dans le jardinvisite de l'exposition \u00ab MIAM ! Je mange donc je suis \u00bbLes enfants ont beaucoup appr\u00e9ci\u00e9 cette journ\u00e9e tr\u00e8s ensoleill\u00e9e qui s'est finie sous une pluie battante !","breadcrumb":{"@id":"https:\/\/asti71.org\/index.php\/2022\/06\/27\/sortie-a-dijon\/#breadcrumb"},"inLanguage":"fr-FR","potentialAction":[{"@type":"ReadAction","target":["https:\/\/asti71.org\/index.php\/2022\/06\/27\/sortie-a-dijon\/"]}]},{"@type":"ImageObject","inLanguage":"fr-FR","@id":"https:\/\/asti71.org\/index.php\/2022\/06\/27\/sortie-a-dijon\/#primaryimage","url":"https:\/\/asti71.org\/wp-content\/uploads\/2022\/10\/Sortie-Dijon.png","contentUrl":"https:\/\/asti71.org\/wp-content\/uploads\/2022\/10\/Sortie-Dijon.png","width":2000,"height":1600},{"@type":"BreadcrumbList","@id":"https:\/\/asti71.org\/index.php\/2022\/06\/27\/sortie-a-dijon\/#breadcrumb","itemListElement":[{"@type":"ListItem","position":1,"name":"Accueil","item":"https:\/\/asti71.org\/"},{"@type":"ListItem","position":2,"name":"Sortie \u00e0 Dijon"}]},{"@type":"WebSite","@id":"https:\/\/asti71.org\/#website","url":"https:\/\/asti71.org\/","name":"ASTI 71","description":"","publisher":{"@id":"https:\/\/asti71.org\/#organization"},"potentialAction":[{"@type":"SearchAction","target":{"@type":"EntryPoint","urlTemplate":"https:\/\/asti71.org\/?s={search_term_string}"},"query-input":{"@type":"PropertyValueSpecification","valueRequired":true,"valueName":"search_term_string"}}],"inLanguage":"fr-FR"},{"@type":"Organization","@id":"https:\/\/asti71.org\/#organization","name":"ASTI 71","url":"https:\/\/asti71.org\/","logo":{"@type":"ImageObject","inLanguage":"fr-FR","@id":"https:\/\/asti71.org\/#\/schema\/logo\/image\/","url":"https:\/\/asti71.org\/wp-content\/uploads\/2017\/10\/cropped-logo-e1508600698583.png","contentUrl":"https:\/\/asti71.org\/wp-content\/uploads\/2017\/10\/cropped-logo-e1508600698583.png","width":100,"height":67,"caption":"ASTI 71"},"image":{"@id":"https:\/\/asti71.org\/#\/schema\/logo\/image\/"},"sameAs":["https:\/\/www.facebook.com\/asti.chalon\/"]},{"@type":"Person","@id":"https:\/\/asti71.org\/#\/schema\/person\/abca5c6b761e6155394e56405f5365f3","name":"ASTI","url":"https:\/\/asti71.org\/index.php\/author\/admin9361\/"}]}},"_links":{"self":[{"href":"https:\/\/asti71.org\/index.php\/wp-json\/wp\/v2\/posts\/1772","targetHints":{"allow":["GET"]}}],"collection":[{"href":"https:\/\/asti71.org\/index.php\/wp-json\/wp\/v2\/posts"}],"about":[{"href":"https:\/\/asti71.org\/index.php\/wp-json\/wp\/v2\/types\/post"}],"author":[{"embeddable":true,"href":"https:\/\/asti71.org\/index.php\/wp-json\/wp\/v2\/users\/1"}],"replies":[{"embeddable":true,"href":"https:\/\/asti71.org\/index.php\/wp-json\/wp\/v2\/comments?post=1772"}],"version-history":[{"count":3,"href":"https:\/\/asti71.org\/index.php\/wp-json\/wp\/v2\/posts\/1772\/revisions"}],"predecessor-version":[{"id":2406,"href":"https:\/\/asti71.org\/index.php\/wp-json\/wp\/v2\/posts\/1772\/revisions\/2406"}],"wp:featuredmedia":[{"embeddable":true,"href":"https:\/\/asti71.org\/index.php\/wp-json\/wp\/v2\/media\/1773"}],"wp:attachment":[{"href":"https:\/\/asti71.org\/index.php\/wp-json\/wp\/v2\/media?parent=1772"}],"wp:term":[{"taxonomy":"category","embeddable":true,"href":"https:\/\/asti71.org\/index.php\/wp-json\/wp\/v2\/categories?post=1772"},{"taxonomy":"post_tag","embeddable":true,"href":"https:\/\/asti71.org\/index.php\/wp-json\/wp\/v2\/tags?post=1772"}],"curies":[{"name":"wp","href":"https:\/\/api.w.org\/{rel}","templated":true}]}}