{"id":1811,"date":"2023-03-16T16:06:17","date_gmt":"2023-03-16T15:06:17","guid":{"rendered":"https:\/\/asti71.org\/?p=1811"},"modified":"2026-04-02T15:00:52","modified_gmt":"2026-04-02T13:00:52","slug":"concert-vendredi-24-mars-a-19h00-eglise-du-sacre-coeur","status":"publish","type":"post","link":"https:\/\/asti71.org\/index.php\/2023\/03\/16\/concert-vendredi-24-mars-a-19h00-eglise-du-sacre-coeur\/","title":{"rendered":"Concert vendredi 24 mars \u00e0 19h00 Eglise du Sacr\u00e9 C\u0153ur"},"content":{"rendered":"<h3 dir=\"auto\">La <a href=\"https:\/\/asti71.org\/index.php\/nos-actions\/commission-arts-et-cultures\/\">commission Arts et Cultures<\/a> de l&rsquo;ASTI vous invite :<\/h3>\n<p>Vendredi 24 mars \u00e0 19h00 \u00e0 l&rsquo;\u00e9glise du Sacr\u00e9-C\u0153ur, concert unique donn\u00e9 par les musiciennes et les musiciens de l&rsquo;ensemble oriental du conservatoire du Grand Chalon dirig\u00e9 par Nicolas Nageotte au profit de l&rsquo;ASTI.<\/p>\n<p>Au programme : musiques traditionnelles de Gr\u00e8ce et des surprises\u00a0!<\/p>\n<p>L&rsquo;ensemble oriental du Conservatoire du Grand Chalon r\u00e9unit des musiciennes et musiciens de tout \u00e2ge et de toute pratique autour des musiques orientales du bassin m\u00e9diterran\u00e9en.<\/p>\n<p>Cette ann\u00e9e le r\u00e9pertoire abord\u00e9 est la musique traditionnelle de Gr\u00e8ce.<\/p>\n<p>L&rsquo;ensemble travaille sous la direction de Nicolas Nageotte, clarinettiste enseignant au Conservatoire et par ailleurs connaisseur des musiques de Thrace, mais cette ann\u00e9e il a \u00e9galement fait appel \u00e0 la chanteuse grecque d&rsquo;origine Katarina Karagianni pour aborder les sp\u00e9cificit\u00e9s de ce r\u00e9pertoire.<\/p>\n<p>Chant, percussions, accord\u00e9on, clarinette, trompette, violon, bouzouki, kanoun, tous ces timbres vont se retrouver sous le signe de la danse pour ce concert unique \u00e0 Chalon\/Sa\u00f4ne.<\/p>\n<p>En premi\u00e8re partie, Cl\u00e9mentine Jeannin, Elise Thomas et Mathilde Fromion, trois musiciennes de l&rsquo;ensemble, feront entendre leur talent en solo ou en duo.<\/p>\n<p>Participation libre mais n\u00e9cessaire.<\/p>\n<p><a href=\"https:\/\/asti71.org\/wp-content\/uploads\/2023\/03\/Concert-Nicolas-Nageotte.png\" data-rel=\"lightbox-image-0\" data-rl_title=\"\" data-rl_caption=\"\" title=\"\"><img loading=\"lazy\" decoding=\"async\" class=\"alignnone wp-image-1812 size-large\" src=\"https:\/\/asti71.org\/wp-content\/uploads\/2023\/03\/Concert-Nicolas-Nageotte-698x1024.png\" alt=\"\" width=\"640\" height=\"939\" srcset=\"https:\/\/asti71.org\/wp-content\/uploads\/2023\/03\/Concert-Nicolas-Nageotte-698x1024.png 698w, https:\/\/asti71.org\/wp-content\/uploads\/2023\/03\/Concert-Nicolas-Nageotte-204x300.png 204w, https:\/\/asti71.org\/wp-content\/uploads\/2023\/03\/Concert-Nicolas-Nageotte-768x1127.png 768w, https:\/\/asti71.org\/wp-content\/uploads\/2023\/03\/Concert-Nicolas-Nageotte-1047x1536.png 1047w, https:\/\/asti71.org\/wp-content\/uploads\/2023\/03\/Concert-Nicolas-Nageotte-1396x2048.png 1396w, https:\/\/asti71.org\/wp-content\/uploads\/2023\/03\/Concert-Nicolas-Nageotte-75x110.png 75w, https:\/\/asti71.org\/wp-content\/uploads\/2023\/03\/Concert-Nicolas-Nageotte-286x420.png 286w, https:\/\/asti71.org\/wp-content\/uploads\/2023\/03\/Concert-Nicolas-Nageotte-293x430.png 293w\" sizes=\"auto, (max-width: 640px) 100vw, 640px\" \/><\/a><\/p>\n","protected":false},"excerpt":{"rendered":"<p>La commission Arts et Cultures de l&rsquo;ASTI vous invite : Vendredi 24 mars \u00e0 19h00 \u00e0 l&rsquo;\u00e9glise du Sacr\u00e9-C\u0153ur, concert unique donn\u00e9 par les musiciennes et les musiciens de l&rsquo;ensemble oriental du conservatoire du Grand Chalon dirig\u00e9 par Nicolas Nageotte au profit de l&rsquo;ASTI. Au programme : musiques traditionnelles de Gr\u00e8ce et des surprises\u00a0! L&rsquo;ensemble [&hellip;]<\/p>\n","protected":false},"author":1,"featured_media":1812,"comment_status":"closed","ping_status":"closed","sticky":false,"template":"","format":"standard","meta":{"footnotes":""},"categories":[9,24],"tags":[],"class_list":["post-1811","post","type-post","status-publish","format-standard","has-post-thumbnail","hentry","category-actualites","category-se-mobiliser-sengager"],"yoast_head":"<!-- This site is optimized with the Yoast SEO plugin v27.5 - https:\/\/yoast.com\/product\/yoast-seo-wordpress\/ -->\n<title>Concert vendredi 24 mars \u00e0 19h00 Eglise du Sacr\u00e9 C\u0153ur - ASTI 71<\/title>\n<meta name=\"description\" content=\"La commission Arts et Cultures de l&#039;ASTI vous invite :Vendredi 24 mars \u00e0 19h00 \u00e0 l&#039;\u00e9glise du Sacr\u00e9-C\u0153ur, concert unique donn\u00e9 par les musiciennes et les musiciens de l&#039;ensemble oriental du conservatoire du Grand Chalon dirig\u00e9 par Nicolas Nageotte au profit de l&#039;ASTI.Au programme : musiques traditionnelles de Gr\u00e8ce et des surprises\u00a0!L&#039;ensemble oriental du Conservatoire du Grand Chalon r\u00e9unit des musiciennes et musiciens de tout \u00e2ge et de toute pratique autour des musiques orientales du bassin m\u00e9diterran\u00e9en.Cette ann\u00e9e le r\u00e9pertoire abord\u00e9 est la musique traditionnelle de Gr\u00e8ce.L&#039;ensemble travaille sous la direction de Nicolas Nageotte, clarinettiste enseignant au Conservatoire et par ailleurs connaisseur des musiques de Thrace, mais cette ann\u00e9e il a \u00e9galement fait appel \u00e0 la chanteuse grecque d&#039;origine Katarina Karagianni pour aborder les sp\u00e9cificit\u00e9s de ce r\u00e9pertoire.Chant, percussions, accord\u00e9on, clarinette, trompette, violon, bouzouki, kanoun, tous ces timbres vont se retrouver sous le signe de la danse pour ce concert unique \u00e0 Chalon\/Sa\u00f4ne.En premi\u00e8re partie, Cl\u00e9mentine Jeannin, Elise Thomas et Mathilde Fromion, trois musiciennes de l&#039;ensemble, feront entendre leur talent en solo ou en duo.\" \/>\n<meta name=\"robots\" content=\"index, follow, max-snippet:-1, max-image-preview:large, max-video-preview:-1\" \/>\n<link rel=\"canonical\" href=\"https:\/\/asti71.org\/index.php\/2023\/03\/16\/concert-vendredi-24-mars-a-19h00-eglise-du-sacre-coeur\/\" \/>\n<meta property=\"og:locale\" content=\"fr_FR\" \/>\n<meta property=\"og:type\" content=\"article\" \/>\n<meta property=\"og:title\" content=\"Concert vendredi 24 mars \u00e0 19h00 Eglise du Sacr\u00e9 C\u0153ur - ASTI 71\" \/>\n<meta property=\"og:description\" content=\"La commission Arts et Cultures de l&#039;ASTI vous invite :Vendredi 24 mars \u00e0 19h00 \u00e0 l&#039;\u00e9glise du Sacr\u00e9-C\u0153ur, concert unique donn\u00e9 par les musiciennes et les musiciens de l&#039;ensemble oriental du conservatoire du Grand Chalon dirig\u00e9 par Nicolas Nageotte au profit de l&#039;ASTI.Au programme : musiques traditionnelles de Gr\u00e8ce et des surprises\u00a0!L&#039;ensemble oriental du Conservatoire du Grand Chalon r\u00e9unit des musiciennes et musiciens de tout \u00e2ge et de toute pratique autour des musiques orientales du bassin m\u00e9diterran\u00e9en.Cette ann\u00e9e le r\u00e9pertoire abord\u00e9 est la musique traditionnelle de Gr\u00e8ce.L&#039;ensemble travaille sous la direction de Nicolas Nageotte, clarinettiste enseignant au Conservatoire et par ailleurs connaisseur des musiques de Thrace, mais cette ann\u00e9e il a \u00e9galement fait appel \u00e0 la chanteuse grecque d&#039;origine Katarina Karagianni pour aborder les sp\u00e9cificit\u00e9s de ce r\u00e9pertoire.Chant, percussions, accord\u00e9on, clarinette, trompette, violon, bouzouki, kanoun, tous ces timbres vont se retrouver sous le signe de la danse pour ce concert unique \u00e0 Chalon\/Sa\u00f4ne.En premi\u00e8re partie, Cl\u00e9mentine Jeannin, Elise Thomas et Mathilde Fromion, trois musiciennes de l&#039;ensemble, feront entendre leur talent en solo ou en duo.\" \/>\n<meta property=\"og:url\" content=\"https:\/\/asti71.org\/index.php\/2023\/03\/16\/concert-vendredi-24-mars-a-19h00-eglise-du-sacre-coeur\/\" \/>\n<meta property=\"og:site_name\" content=\"ASTI 71\" \/>\n<meta property=\"article:publisher\" content=\"https:\/\/www.facebook.com\/asti.chalon\/\" \/>\n<meta property=\"article:published_time\" content=\"2023-03-16T15:06:17+00:00\" \/>\n<meta property=\"article:modified_time\" content=\"2026-04-02T13:00:52+00:00\" \/>\n<meta property=\"og:image\" content=\"https:\/\/asti71.org\/wp-content\/uploads\/2023\/03\/Concert-Nicolas-Nageotte-698x1024.png\" \/>\n\t<meta property=\"og:image:width\" content=\"698\" \/>\n\t<meta property=\"og:image:height\" content=\"1024\" \/>\n\t<meta property=\"og:image:type\" content=\"image\/png\" \/>\n<meta name=\"author\" content=\"ASTI\" \/>\n<meta name=\"twitter:card\" content=\"summary_large_image\" \/>\n<meta name=\"twitter:label1\" content=\"\u00c9crit par\" \/>\n\t<meta name=\"twitter:data1\" content=\"ASTI\" \/>\n\t<meta name=\"twitter:label2\" content=\"Dur\u00e9e de lecture estim\u00e9e\" \/>\n\t<meta name=\"twitter:data2\" content=\"2 minutes\" \/>\n<script type=\"application\/ld+json\" class=\"yoast-schema-graph\">{\"@context\":\"https:\\\/\\\/schema.org\",\"@graph\":[{\"@type\":\"Article\",\"@id\":\"https:\\\/\\\/asti71.org\\\/index.php\\\/2023\\\/03\\\/16\\\/concert-vendredi-24-mars-a-19h00-eglise-du-sacre-coeur\\\/#article\",\"isPartOf\":{\"@id\":\"https:\\\/\\\/asti71.org\\\/index.php\\\/2023\\\/03\\\/16\\\/concert-vendredi-24-mars-a-19h00-eglise-du-sacre-coeur\\\/\"},\"author\":{\"name\":\"ASTI\",\"@id\":\"https:\\\/\\\/asti71.org\\\/#\\\/schema\\\/person\\\/abca5c6b761e6155394e56405f5365f3\"},\"headline\":\"Concert vendredi 24 mars \u00e0 19h00 Eglise du Sacr\u00e9 C\u0153ur\",\"datePublished\":\"2023-03-16T15:06:17+00:00\",\"dateModified\":\"2026-04-02T13:00:52+00:00\",\"mainEntityOfPage\":{\"@id\":\"https:\\\/\\\/asti71.org\\\/index.php\\\/2023\\\/03\\\/16\\\/concert-vendredi-24-mars-a-19h00-eglise-du-sacre-coeur\\\/\"},\"wordCount\":208,\"publisher\":{\"@id\":\"https:\\\/\\\/asti71.org\\\/#organization\"},\"image\":{\"@id\":\"https:\\\/\\\/asti71.org\\\/index.php\\\/2023\\\/03\\\/16\\\/concert-vendredi-24-mars-a-19h00-eglise-du-sacre-coeur\\\/#primaryimage\"},\"thumbnailUrl\":\"https:\\\/\\\/asti71.org\\\/wp-content\\\/uploads\\\/2023\\\/03\\\/Concert-Nicolas-Nageotte.png\",\"articleSection\":[\"Actualit\u00e9s\",\"Se mobiliser, s'engager\"],\"inLanguage\":\"fr-FR\"},{\"@type\":\"WebPage\",\"@id\":\"https:\\\/\\\/asti71.org\\\/index.php\\\/2023\\\/03\\\/16\\\/concert-vendredi-24-mars-a-19h00-eglise-du-sacre-coeur\\\/\",\"url\":\"https:\\\/\\\/asti71.org\\\/index.php\\\/2023\\\/03\\\/16\\\/concert-vendredi-24-mars-a-19h00-eglise-du-sacre-coeur\\\/\",\"name\":\"Concert vendredi 24 mars \u00e0 19h00 Eglise du Sacr\u00e9 C\u0153ur - ASTI 71\",\"isPartOf\":{\"@id\":\"https:\\\/\\\/asti71.org\\\/#website\"},\"primaryImageOfPage\":{\"@id\":\"https:\\\/\\\/asti71.org\\\/index.php\\\/2023\\\/03\\\/16\\\/concert-vendredi-24-mars-a-19h00-eglise-du-sacre-coeur\\\/#primaryimage\"},\"image\":{\"@id\":\"https:\\\/\\\/asti71.org\\\/index.php\\\/2023\\\/03\\\/16\\\/concert-vendredi-24-mars-a-19h00-eglise-du-sacre-coeur\\\/#primaryimage\"},\"thumbnailUrl\":\"https:\\\/\\\/asti71.org\\\/wp-content\\\/uploads\\\/2023\\\/03\\\/Concert-Nicolas-Nageotte.png\",\"datePublished\":\"2023-03-16T15:06:17+00:00\",\"dateModified\":\"2026-04-02T13:00:52+00:00\",\"description\":\"La commission Arts et Cultures de l'ASTI vous invite :Vendredi 24 mars \u00e0 19h00 \u00e0 l'\u00e9glise du Sacr\u00e9-C\u0153ur, concert unique donn\u00e9 par les musiciennes et les musiciens de l'ensemble oriental du conservatoire du Grand Chalon dirig\u00e9 par Nicolas Nageotte au profit de l'ASTI.Au programme : musiques traditionnelles de Gr\u00e8ce et des surprises\u00a0!L'ensemble oriental du Conservatoire du Grand Chalon r\u00e9unit des musiciennes et musiciens de tout \u00e2ge et de toute pratique autour des musiques orientales du bassin m\u00e9diterran\u00e9en.Cette ann\u00e9e le r\u00e9pertoire abord\u00e9 est la musique traditionnelle de Gr\u00e8ce.L'ensemble travaille sous la direction de Nicolas Nageotte, clarinettiste enseignant au Conservatoire et par ailleurs connaisseur des musiques de Thrace, mais cette ann\u00e9e il a \u00e9galement fait appel \u00e0 la chanteuse grecque d'origine Katarina Karagianni pour aborder les sp\u00e9cificit\u00e9s de ce r\u00e9pertoire.Chant, percussions, accord\u00e9on, clarinette, trompette, violon, bouzouki, kanoun, tous ces timbres vont se retrouver sous le signe de la danse pour ce concert unique \u00e0 Chalon\\\/Sa\u00f4ne.En premi\u00e8re partie, Cl\u00e9mentine Jeannin, Elise Thomas et Mathilde Fromion, trois musiciennes de l'ensemble, feront entendre leur talent en solo ou en duo.\",\"breadcrumb\":{\"@id\":\"https:\\\/\\\/asti71.org\\\/index.php\\\/2023\\\/03\\\/16\\\/concert-vendredi-24-mars-a-19h00-eglise-du-sacre-coeur\\\/#breadcrumb\"},\"inLanguage\":\"fr-FR\",\"potentialAction\":[{\"@type\":\"ReadAction\",\"target\":[\"https:\\\/\\\/asti71.org\\\/index.php\\\/2023\\\/03\\\/16\\\/concert-vendredi-24-mars-a-19h00-eglise-du-sacre-coeur\\\/\"]}]},{\"@type\":\"ImageObject\",\"inLanguage\":\"fr-FR\",\"@id\":\"https:\\\/\\\/asti71.org\\\/index.php\\\/2023\\\/03\\\/16\\\/concert-vendredi-24-mars-a-19h00-eglise-du-sacre-coeur\\\/#primaryimage\",\"url\":\"https:\\\/\\\/asti71.org\\\/wp-content\\\/uploads\\\/2023\\\/03\\\/Concert-Nicolas-Nageotte.png\",\"contentUrl\":\"https:\\\/\\\/asti71.org\\\/wp-content\\\/uploads\\\/2023\\\/03\\\/Concert-Nicolas-Nageotte.png\",\"width\":2432,\"height\":3568},{\"@type\":\"BreadcrumbList\",\"@id\":\"https:\\\/\\\/asti71.org\\\/index.php\\\/2023\\\/03\\\/16\\\/concert-vendredi-24-mars-a-19h00-eglise-du-sacre-coeur\\\/#breadcrumb\",\"itemListElement\":[{\"@type\":\"ListItem\",\"position\":1,\"name\":\"Accueil\",\"item\":\"https:\\\/\\\/asti71.org\\\/\"},{\"@type\":\"ListItem\",\"position\":2,\"name\":\"Concert vendredi 24 mars \u00e0 19h00 Eglise du Sacr\u00e9 C\u0153ur\"}]},{\"@type\":\"WebSite\",\"@id\":\"https:\\\/\\\/asti71.org\\\/#website\",\"url\":\"https:\\\/\\\/asti71.org\\\/\",\"name\":\"ASTI 71\",\"description\":\"\",\"publisher\":{\"@id\":\"https:\\\/\\\/asti71.org\\\/#organization\"},\"potentialAction\":[{\"@type\":\"SearchAction\",\"target\":{\"@type\":\"EntryPoint\",\"urlTemplate\":\"https:\\\/\\\/asti71.org\\\/?s={search_term_string}\"},\"query-input\":{\"@type\":\"PropertyValueSpecification\",\"valueRequired\":true,\"valueName\":\"search_term_string\"}}],\"inLanguage\":\"fr-FR\"},{\"@type\":\"Organization\",\"@id\":\"https:\\\/\\\/asti71.org\\\/#organization\",\"name\":\"ASTI 71\",\"url\":\"https:\\\/\\\/asti71.org\\\/\",\"logo\":{\"@type\":\"ImageObject\",\"inLanguage\":\"fr-FR\",\"@id\":\"https:\\\/\\\/asti71.org\\\/#\\\/schema\\\/logo\\\/image\\\/\",\"url\":\"https:\\\/\\\/asti71.org\\\/wp-content\\\/uploads\\\/2017\\\/10\\\/cropped-logo-e1508600698583.png\",\"contentUrl\":\"https:\\\/\\\/asti71.org\\\/wp-content\\\/uploads\\\/2017\\\/10\\\/cropped-logo-e1508600698583.png\",\"width\":100,\"height\":67,\"caption\":\"ASTI 71\"},\"image\":{\"@id\":\"https:\\\/\\\/asti71.org\\\/#\\\/schema\\\/logo\\\/image\\\/\"},\"sameAs\":[\"https:\\\/\\\/www.facebook.com\\\/asti.chalon\\\/\"]},{\"@type\":\"Person\",\"@id\":\"https:\\\/\\\/asti71.org\\\/#\\\/schema\\\/person\\\/abca5c6b761e6155394e56405f5365f3\",\"name\":\"ASTI\",\"url\":\"https:\\\/\\\/asti71.org\\\/index.php\\\/author\\\/admin9361\\\/\"}]}<\/script>\n<!-- \/ Yoast SEO plugin. -->","yoast_head_json":{"title":"Concert vendredi 24 mars \u00e0 19h00 Eglise du Sacr\u00e9 C\u0153ur - ASTI 71","description":"La commission Arts et Cultures de l'ASTI vous invite :Vendredi 24 mars \u00e0 19h00 \u00e0 l'\u00e9glise du Sacr\u00e9-C\u0153ur, concert unique donn\u00e9 par les musiciennes et les musiciens de l'ensemble oriental du conservatoire du Grand Chalon dirig\u00e9 par Nicolas Nageotte au profit de l'ASTI.Au programme : musiques traditionnelles de Gr\u00e8ce et des surprises\u00a0!L'ensemble oriental du Conservatoire du Grand Chalon r\u00e9unit des musiciennes et musiciens de tout \u00e2ge et de toute pratique autour des musiques orientales du bassin m\u00e9diterran\u00e9en.Cette ann\u00e9e le r\u00e9pertoire abord\u00e9 est la musique traditionnelle de Gr\u00e8ce.L'ensemble travaille sous la direction de Nicolas Nageotte, clarinettiste enseignant au Conservatoire et par ailleurs connaisseur des musiques de Thrace, mais cette ann\u00e9e il a \u00e9galement fait appel \u00e0 la chanteuse grecque d'origine Katarina Karagianni pour aborder les sp\u00e9cificit\u00e9s de ce r\u00e9pertoire.Chant, percussions, accord\u00e9on, clarinette, trompette, violon, bouzouki, kanoun, tous ces timbres vont se retrouver sous le signe de la danse pour ce concert unique \u00e0 Chalon\/Sa\u00f4ne.En premi\u00e8re partie, Cl\u00e9mentine Jeannin, Elise Thomas et Mathilde Fromion, trois musiciennes de l'ensemble, feront entendre leur talent en solo ou en duo.","robots":{"index":"index","follow":"follow","max-snippet":"max-snippet:-1","max-image-preview":"max-image-preview:large","max-video-preview":"max-video-preview:-1"},"canonical":"https:\/\/asti71.org\/index.php\/2023\/03\/16\/concert-vendredi-24-mars-a-19h00-eglise-du-sacre-coeur\/","og_locale":"fr_FR","og_type":"article","og_title":"Concert vendredi 24 mars \u00e0 19h00 Eglise du Sacr\u00e9 C\u0153ur - ASTI 71","og_description":"La commission Arts et Cultures de l'ASTI vous invite :Vendredi 24 mars \u00e0 19h00 \u00e0 l'\u00e9glise du Sacr\u00e9-C\u0153ur, concert unique donn\u00e9 par les musiciennes et les musiciens de l'ensemble oriental du conservatoire du Grand Chalon dirig\u00e9 par Nicolas Nageotte au profit de l'ASTI.Au programme : musiques traditionnelles de Gr\u00e8ce et des surprises\u00a0!L'ensemble oriental du Conservatoire du Grand Chalon r\u00e9unit des musiciennes et musiciens de tout \u00e2ge et de toute pratique autour des musiques orientales du bassin m\u00e9diterran\u00e9en.Cette ann\u00e9e le r\u00e9pertoire abord\u00e9 est la musique traditionnelle de Gr\u00e8ce.L'ensemble travaille sous la direction de Nicolas Nageotte, clarinettiste enseignant au Conservatoire et par ailleurs connaisseur des musiques de Thrace, mais cette ann\u00e9e il a \u00e9galement fait appel \u00e0 la chanteuse grecque d'origine Katarina Karagianni pour aborder les sp\u00e9cificit\u00e9s de ce r\u00e9pertoire.Chant, percussions, accord\u00e9on, clarinette, trompette, violon, bouzouki, kanoun, tous ces timbres vont se retrouver sous le signe de la danse pour ce concert unique \u00e0 Chalon\/Sa\u00f4ne.En premi\u00e8re partie, Cl\u00e9mentine Jeannin, Elise Thomas et Mathilde Fromion, trois musiciennes de l'ensemble, feront entendre leur talent en solo ou en duo.","og_url":"https:\/\/asti71.org\/index.php\/2023\/03\/16\/concert-vendredi-24-mars-a-19h00-eglise-du-sacre-coeur\/","og_site_name":"ASTI 71","article_publisher":"https:\/\/www.facebook.com\/asti.chalon\/","article_published_time":"2023-03-16T15:06:17+00:00","article_modified_time":"2026-04-02T13:00:52+00:00","og_image":[{"width":698,"height":1024,"url":"https:\/\/asti71.org\/wp-content\/uploads\/2023\/03\/Concert-Nicolas-Nageotte-698x1024.png","type":"image\/png"}],"author":"ASTI","twitter_card":"summary_large_image","twitter_misc":{"\u00c9crit par":"ASTI","Dur\u00e9e de lecture estim\u00e9e":"2 minutes"},"schema":{"@context":"https:\/\/schema.org","@graph":[{"@type":"Article","@id":"https:\/\/asti71.org\/index.php\/2023\/03\/16\/concert-vendredi-24-mars-a-19h00-eglise-du-sacre-coeur\/#article","isPartOf":{"@id":"https:\/\/asti71.org\/index.php\/2023\/03\/16\/concert-vendredi-24-mars-a-19h00-eglise-du-sacre-coeur\/"},"author":{"name":"ASTI","@id":"https:\/\/asti71.org\/#\/schema\/person\/abca5c6b761e6155394e56405f5365f3"},"headline":"Concert vendredi 24 mars \u00e0 19h00 Eglise du Sacr\u00e9 C\u0153ur","datePublished":"2023-03-16T15:06:17+00:00","dateModified":"2026-04-02T13:00:52+00:00","mainEntityOfPage":{"@id":"https:\/\/asti71.org\/index.php\/2023\/03\/16\/concert-vendredi-24-mars-a-19h00-eglise-du-sacre-coeur\/"},"wordCount":208,"publisher":{"@id":"https:\/\/asti71.org\/#organization"},"image":{"@id":"https:\/\/asti71.org\/index.php\/2023\/03\/16\/concert-vendredi-24-mars-a-19h00-eglise-du-sacre-coeur\/#primaryimage"},"thumbnailUrl":"https:\/\/asti71.org\/wp-content\/uploads\/2023\/03\/Concert-Nicolas-Nageotte.png","articleSection":["Actualit\u00e9s","Se mobiliser, s'engager"],"inLanguage":"fr-FR"},{"@type":"WebPage","@id":"https:\/\/asti71.org\/index.php\/2023\/03\/16\/concert-vendredi-24-mars-a-19h00-eglise-du-sacre-coeur\/","url":"https:\/\/asti71.org\/index.php\/2023\/03\/16\/concert-vendredi-24-mars-a-19h00-eglise-du-sacre-coeur\/","name":"Concert vendredi 24 mars \u00e0 19h00 Eglise du Sacr\u00e9 C\u0153ur - ASTI 71","isPartOf":{"@id":"https:\/\/asti71.org\/#website"},"primaryImageOfPage":{"@id":"https:\/\/asti71.org\/index.php\/2023\/03\/16\/concert-vendredi-24-mars-a-19h00-eglise-du-sacre-coeur\/#primaryimage"},"image":{"@id":"https:\/\/asti71.org\/index.php\/2023\/03\/16\/concert-vendredi-24-mars-a-19h00-eglise-du-sacre-coeur\/#primaryimage"},"thumbnailUrl":"https:\/\/asti71.org\/wp-content\/uploads\/2023\/03\/Concert-Nicolas-Nageotte.png","datePublished":"2023-03-16T15:06:17+00:00","dateModified":"2026-04-02T13:00:52+00:00","description":"La commission Arts et Cultures de l'ASTI vous invite :Vendredi 24 mars \u00e0 19h00 \u00e0 l'\u00e9glise du Sacr\u00e9-C\u0153ur, concert unique donn\u00e9 par les musiciennes et les musiciens de l'ensemble oriental du conservatoire du Grand Chalon dirig\u00e9 par Nicolas Nageotte au profit de l'ASTI.Au programme : musiques traditionnelles de Gr\u00e8ce et des surprises\u00a0!L'ensemble oriental du Conservatoire du Grand Chalon r\u00e9unit des musiciennes et musiciens de tout \u00e2ge et de toute pratique autour des musiques orientales du bassin m\u00e9diterran\u00e9en.Cette ann\u00e9e le r\u00e9pertoire abord\u00e9 est la musique traditionnelle de Gr\u00e8ce.L'ensemble travaille sous la direction de Nicolas Nageotte, clarinettiste enseignant au Conservatoire et par ailleurs connaisseur des musiques de Thrace, mais cette ann\u00e9e il a \u00e9galement fait appel \u00e0 la chanteuse grecque d'origine Katarina Karagianni pour aborder les sp\u00e9cificit\u00e9s de ce r\u00e9pertoire.Chant, percussions, accord\u00e9on, clarinette, trompette, violon, bouzouki, kanoun, tous ces timbres vont se retrouver sous le signe de la danse pour ce concert unique \u00e0 Chalon\/Sa\u00f4ne.En premi\u00e8re partie, Cl\u00e9mentine Jeannin, Elise Thomas et Mathilde Fromion, trois musiciennes de l'ensemble, feront entendre leur talent en solo ou en duo.","breadcrumb":{"@id":"https:\/\/asti71.org\/index.php\/2023\/03\/16\/concert-vendredi-24-mars-a-19h00-eglise-du-sacre-coeur\/#breadcrumb"},"inLanguage":"fr-FR","potentialAction":[{"@type":"ReadAction","target":["https:\/\/asti71.org\/index.php\/2023\/03\/16\/concert-vendredi-24-mars-a-19h00-eglise-du-sacre-coeur\/"]}]},{"@type":"ImageObject","inLanguage":"fr-FR","@id":"https:\/\/asti71.org\/index.php\/2023\/03\/16\/concert-vendredi-24-mars-a-19h00-eglise-du-sacre-coeur\/#primaryimage","url":"https:\/\/asti71.org\/wp-content\/uploads\/2023\/03\/Concert-Nicolas-Nageotte.png","contentUrl":"https:\/\/asti71.org\/wp-content\/uploads\/2023\/03\/Concert-Nicolas-Nageotte.png","width":2432,"height":3568},{"@type":"BreadcrumbList","@id":"https:\/\/asti71.org\/index.php\/2023\/03\/16\/concert-vendredi-24-mars-a-19h00-eglise-du-sacre-coeur\/#breadcrumb","itemListElement":[{"@type":"ListItem","position":1,"name":"Accueil","item":"https:\/\/asti71.org\/"},{"@type":"ListItem","position":2,"name":"Concert vendredi 24 mars \u00e0 19h00 Eglise du Sacr\u00e9 C\u0153ur"}]},{"@type":"WebSite","@id":"https:\/\/asti71.org\/#website","url":"https:\/\/asti71.org\/","name":"ASTI 71","description":"","publisher":{"@id":"https:\/\/asti71.org\/#organization"},"potentialAction":[{"@type":"SearchAction","target":{"@type":"EntryPoint","urlTemplate":"https:\/\/asti71.org\/?s={search_term_string}"},"query-input":{"@type":"PropertyValueSpecification","valueRequired":true,"valueName":"search_term_string"}}],"inLanguage":"fr-FR"},{"@type":"Organization","@id":"https:\/\/asti71.org\/#organization","name":"ASTI 71","url":"https:\/\/asti71.org\/","logo":{"@type":"ImageObject","inLanguage":"fr-FR","@id":"https:\/\/asti71.org\/#\/schema\/logo\/image\/","url":"https:\/\/asti71.org\/wp-content\/uploads\/2017\/10\/cropped-logo-e1508600698583.png","contentUrl":"https:\/\/asti71.org\/wp-content\/uploads\/2017\/10\/cropped-logo-e1508600698583.png","width":100,"height":67,"caption":"ASTI 71"},"image":{"@id":"https:\/\/asti71.org\/#\/schema\/logo\/image\/"},"sameAs":["https:\/\/www.facebook.com\/asti.chalon\/"]},{"@type":"Person","@id":"https:\/\/asti71.org\/#\/schema\/person\/abca5c6b761e6155394e56405f5365f3","name":"ASTI","url":"https:\/\/asti71.org\/index.php\/author\/admin9361\/"}]}},"_links":{"self":[{"href":"https:\/\/asti71.org\/index.php\/wp-json\/wp\/v2\/posts\/1811","targetHints":{"allow":["GET"]}}],"collection":[{"href":"https:\/\/asti71.org\/index.php\/wp-json\/wp\/v2\/posts"}],"about":[{"href":"https:\/\/asti71.org\/index.php\/wp-json\/wp\/v2\/types\/post"}],"author":[{"embeddable":true,"href":"https:\/\/asti71.org\/index.php\/wp-json\/wp\/v2\/users\/1"}],"replies":[{"embeddable":true,"href":"https:\/\/asti71.org\/index.php\/wp-json\/wp\/v2\/comments?post=1811"}],"version-history":[{"count":3,"href":"https:\/\/asti71.org\/index.php\/wp-json\/wp\/v2\/posts\/1811\/revisions"}],"predecessor-version":[{"id":2440,"href":"https:\/\/asti71.org\/index.php\/wp-json\/wp\/v2\/posts\/1811\/revisions\/2440"}],"wp:featuredmedia":[{"embeddable":true,"href":"https:\/\/asti71.org\/index.php\/wp-json\/wp\/v2\/media\/1812"}],"wp:attachment":[{"href":"https:\/\/asti71.org\/index.php\/wp-json\/wp\/v2\/media?parent=1811"}],"wp:term":[{"taxonomy":"category","embeddable":true,"href":"https:\/\/asti71.org\/index.php\/wp-json\/wp\/v2\/categories?post=1811"},{"taxonomy":"post_tag","embeddable":true,"href":"https:\/\/asti71.org\/index.php\/wp-json\/wp\/v2\/tags?post=1811"}],"curies":[{"name":"wp","href":"https:\/\/api.w.org\/{rel}","templated":true}]}}