{"id":1911,"date":"2024-03-22T15:35:48","date_gmt":"2024-03-22T14:35:48","guid":{"rendered":"https:\/\/asti71.org\/?p=1911"},"modified":"2026-04-02T16:00:10","modified_gmt":"2026-04-02T14:00:10","slug":"bal-warnng-solidaire","status":"publish","type":"post","link":"https:\/\/asti71.org\/index.php\/2024\/03\/22\/bal-warnng-solidaire\/","title":{"rendered":"Bal Warn!ng solidaire"},"content":{"rendered":"<div dir=\"auto\">\n<h2 dir=\"auto\">La <a href=\"https:\/\/asti71.org\/index.php\/nos-actions\/commission-arts-et-cultures\/\">commission Arts et Cultures<\/a> vous invite :<\/h2>\n<\/div>\n<div dir=\"auto\"><span style=\"font-family: arial, sans-serif;\">Vendredi 12 avril \u00e0 20h au Clos Bourguignon \u00e0 Chalon, Bal Warn!ng solidaire !<\/span><\/div>\n<div dir=\"auto\"><span style=\"font-family: arial, sans-serif;\">L&rsquo;ensemble oriental du Grand Chalon commencera la soir\u00e9e avec des musiques du monde. <\/span><\/div>\n<div dir=\"auto\"><span style=\"font-family: arial, sans-serif;\">Ensuite, le bal Warn!ng vous fera danser avec des paso doble, valses musettes, biguines enfi\u00e9vr\u00e9es, tarentelles bigarr\u00e9es et secousses balkaniques !<\/span><\/div>\n<div dir=\"auto\"><iframe loading=\"lazy\" src=\"\/\/www.youtube.com\/embed\/yw66i4QS94A?authuser=0\" width=\"560\" height=\"314\" allowfullscreen=\"allowfullscreen\"><\/iframe><\/div>\n<div dir=\"auto\"><span style=\"font-family: arial, sans-serif;\">Entr\u00e9e \u00e0 participation libre. Un bar et une restauration sucr\u00e9e et sal\u00e9e seront propos\u00e9s sur place.<\/span><\/div>\n<div dir=\"auto\"><span style=\"font-family: arial, sans-serif;\">Soir\u00e9e au profit de l&rsquo;ASTI.<\/span><\/div>\n<div dir=\"auto\"><a href=\"https:\/\/asti71.org\/wp-content\/uploads\/2024\/03\/Bal-warnng-Asti-12.04.2024.jpg\" data-rel=\"lightbox-image-0\" data-rl_title=\"\" data-rl_caption=\"\" title=\"\"><img loading=\"lazy\" decoding=\"async\" class=\"alignnone wp-image-1912 size-full\" src=\"https:\/\/asti71.org\/wp-content\/uploads\/2024\/03\/Bal-warnng-Asti-12.04.2024.jpg\" alt=\"\" width=\"620\" height=\"874\" srcset=\"https:\/\/asti71.org\/wp-content\/uploads\/2024\/03\/Bal-warnng-Asti-12.04.2024.jpg 620w, https:\/\/asti71.org\/wp-content\/uploads\/2024\/03\/Bal-warnng-Asti-12.04.2024-213x300.jpg 213w, https:\/\/asti71.org\/wp-content\/uploads\/2024\/03\/Bal-warnng-Asti-12.04.2024-78x110.jpg 78w, https:\/\/asti71.org\/wp-content\/uploads\/2024\/03\/Bal-warnng-Asti-12.04.2024-298x420.jpg 298w, https:\/\/asti71.org\/wp-content\/uploads\/2024\/03\/Bal-warnng-Asti-12.04.2024-305x430.jpg 305w\" sizes=\"auto, (max-width: 620px) 100vw, 620px\" \/><\/a><\/div>\n","protected":false},"excerpt":{"rendered":"<p>La commission Arts et Cultures vous invite : Vendredi 12 avril \u00e0 20h au Clos Bourguignon \u00e0 Chalon, Bal Warn!ng solidaire ! L&rsquo;ensemble oriental du Grand Chalon commencera la soir\u00e9e avec des musiques du monde. Ensuite, le bal Warn!ng vous fera danser avec des paso doble, valses musettes, biguines enfi\u00e9vr\u00e9es, tarentelles bigarr\u00e9es et secousses balkaniques [&hellip;]<\/p>\n","protected":false},"author":1,"featured_media":1912,"comment_status":"closed","ping_status":"closed","sticky":false,"template":"","format":"standard","meta":{"footnotes":""},"categories":[9,25],"tags":[],"class_list":["post-1911","post","type-post","status-publish","format-standard","has-post-thumbnail","hentry","category-actualites","category-evenement"],"yoast_head":"<!-- This site is optimized with the Yoast SEO plugin v27.5 - https:\/\/yoast.com\/product\/yoast-seo-wordpress\/ -->\n<title>Bal Warn!ng solidaire - ASTI 71<\/title>\n<meta name=\"description\" content=\"Vendredi 12 avril \u00e0 20h au Clos Bourguignon \u00e0 Chalon, Bal Warn!ng solidaire !L&#039;ensemble oriental du Grand Chalon commencera la soir\u00e9e avec des musiques du monde.Ensuite, le bal Warn!ng vous fera danser avec des paso doble, valses musettes, biguines enfi\u00e9vr\u00e9es, tarentelles bigarr\u00e9es et secousses balkaniques !\" \/>\n<meta name=\"robots\" content=\"index, follow, max-snippet:-1, max-image-preview:large, max-video-preview:-1\" \/>\n<link rel=\"canonical\" href=\"https:\/\/asti71.org\/index.php\/2024\/03\/22\/bal-warnng-solidaire\/\" \/>\n<meta property=\"og:locale\" content=\"fr_FR\" \/>\n<meta property=\"og:type\" content=\"article\" \/>\n<meta property=\"og:title\" content=\"Bal Warn!ng solidaire - ASTI 71\" \/>\n<meta property=\"og:description\" content=\"Vendredi 12 avril \u00e0 20h au Clos Bourguignon \u00e0 Chalon, Bal Warn!ng solidaire !L&#039;ensemble oriental du Grand Chalon commencera la soir\u00e9e avec des musiques du monde.Ensuite, le bal Warn!ng vous fera danser avec des paso doble, valses musettes, biguines enfi\u00e9vr\u00e9es, tarentelles bigarr\u00e9es et secousses balkaniques !\" \/>\n<meta property=\"og:url\" content=\"https:\/\/asti71.org\/index.php\/2024\/03\/22\/bal-warnng-solidaire\/\" \/>\n<meta property=\"og:site_name\" content=\"ASTI 71\" \/>\n<meta property=\"article:publisher\" content=\"https:\/\/www.facebook.com\/asti.chalon\/\" \/>\n<meta property=\"article:published_time\" content=\"2024-03-22T14:35:48+00:00\" \/>\n<meta property=\"article:modified_time\" content=\"2026-04-02T14:00:10+00:00\" \/>\n<meta property=\"og:image\" content=\"https:\/\/asti71.org\/wp-content\/uploads\/2024\/03\/Bal-warnng-Asti-12.04.2024.jpg\" \/>\n\t<meta property=\"og:image:width\" content=\"620\" \/>\n\t<meta property=\"og:image:height\" content=\"874\" \/>\n\t<meta property=\"og:image:type\" content=\"image\/jpeg\" \/>\n<meta name=\"author\" content=\"ASTI\" \/>\n<meta name=\"twitter:card\" content=\"summary_large_image\" \/>\n<meta name=\"twitter:label1\" content=\"\u00c9crit par\" \/>\n\t<meta name=\"twitter:data1\" content=\"ASTI\" \/>\n\t<meta name=\"twitter:label2\" content=\"Dur\u00e9e de lecture estim\u00e9e\" \/>\n\t<meta name=\"twitter:data2\" content=\"1 minute\" \/>\n<script type=\"application\/ld+json\" class=\"yoast-schema-graph\">{\"@context\":\"https:\\\/\\\/schema.org\",\"@graph\":[{\"@type\":\"Article\",\"@id\":\"https:\\\/\\\/asti71.org\\\/index.php\\\/2024\\\/03\\\/22\\\/bal-warnng-solidaire\\\/#article\",\"isPartOf\":{\"@id\":\"https:\\\/\\\/asti71.org\\\/index.php\\\/2024\\\/03\\\/22\\\/bal-warnng-solidaire\\\/\"},\"author\":{\"name\":\"ASTI\",\"@id\":\"https:\\\/\\\/asti71.org\\\/#\\\/schema\\\/person\\\/abca5c6b761e6155394e56405f5365f3\"},\"headline\":\"Bal Warn!ng solidaire\",\"datePublished\":\"2024-03-22T14:35:48+00:00\",\"dateModified\":\"2026-04-02T14:00:10+00:00\",\"mainEntityOfPage\":{\"@id\":\"https:\\\/\\\/asti71.org\\\/index.php\\\/2024\\\/03\\\/22\\\/bal-warnng-solidaire\\\/\"},\"wordCount\":85,\"publisher\":{\"@id\":\"https:\\\/\\\/asti71.org\\\/#organization\"},\"image\":{\"@id\":\"https:\\\/\\\/asti71.org\\\/index.php\\\/2024\\\/03\\\/22\\\/bal-warnng-solidaire\\\/#primaryimage\"},\"thumbnailUrl\":\"https:\\\/\\\/asti71.org\\\/wp-content\\\/uploads\\\/2024\\\/03\\\/Bal-warnng-Asti-12.04.2024.jpg\",\"articleSection\":[\"Actualit\u00e9s\",\"Ev\u00e9nement\"],\"inLanguage\":\"fr-FR\"},{\"@type\":\"WebPage\",\"@id\":\"https:\\\/\\\/asti71.org\\\/index.php\\\/2024\\\/03\\\/22\\\/bal-warnng-solidaire\\\/\",\"url\":\"https:\\\/\\\/asti71.org\\\/index.php\\\/2024\\\/03\\\/22\\\/bal-warnng-solidaire\\\/\",\"name\":\"Bal Warn!ng solidaire - ASTI 71\",\"isPartOf\":{\"@id\":\"https:\\\/\\\/asti71.org\\\/#website\"},\"primaryImageOfPage\":{\"@id\":\"https:\\\/\\\/asti71.org\\\/index.php\\\/2024\\\/03\\\/22\\\/bal-warnng-solidaire\\\/#primaryimage\"},\"image\":{\"@id\":\"https:\\\/\\\/asti71.org\\\/index.php\\\/2024\\\/03\\\/22\\\/bal-warnng-solidaire\\\/#primaryimage\"},\"thumbnailUrl\":\"https:\\\/\\\/asti71.org\\\/wp-content\\\/uploads\\\/2024\\\/03\\\/Bal-warnng-Asti-12.04.2024.jpg\",\"datePublished\":\"2024-03-22T14:35:48+00:00\",\"dateModified\":\"2026-04-02T14:00:10+00:00\",\"description\":\"Vendredi 12 avril \u00e0 20h au Clos Bourguignon \u00e0 Chalon, Bal Warn!ng solidaire !L'ensemble oriental du Grand Chalon commencera la soir\u00e9e avec des musiques du monde.Ensuite, le bal Warn!ng vous fera danser avec des paso doble, valses musettes, biguines enfi\u00e9vr\u00e9es, tarentelles bigarr\u00e9es et secousses balkaniques !\",\"breadcrumb\":{\"@id\":\"https:\\\/\\\/asti71.org\\\/index.php\\\/2024\\\/03\\\/22\\\/bal-warnng-solidaire\\\/#breadcrumb\"},\"inLanguage\":\"fr-FR\",\"potentialAction\":[{\"@type\":\"ReadAction\",\"target\":[\"https:\\\/\\\/asti71.org\\\/index.php\\\/2024\\\/03\\\/22\\\/bal-warnng-solidaire\\\/\"]}]},{\"@type\":\"ImageObject\",\"inLanguage\":\"fr-FR\",\"@id\":\"https:\\\/\\\/asti71.org\\\/index.php\\\/2024\\\/03\\\/22\\\/bal-warnng-solidaire\\\/#primaryimage\",\"url\":\"https:\\\/\\\/asti71.org\\\/wp-content\\\/uploads\\\/2024\\\/03\\\/Bal-warnng-Asti-12.04.2024.jpg\",\"contentUrl\":\"https:\\\/\\\/asti71.org\\\/wp-content\\\/uploads\\\/2024\\\/03\\\/Bal-warnng-Asti-12.04.2024.jpg\",\"width\":620,\"height\":874},{\"@type\":\"BreadcrumbList\",\"@id\":\"https:\\\/\\\/asti71.org\\\/index.php\\\/2024\\\/03\\\/22\\\/bal-warnng-solidaire\\\/#breadcrumb\",\"itemListElement\":[{\"@type\":\"ListItem\",\"position\":1,\"name\":\"Accueil\",\"item\":\"https:\\\/\\\/asti71.org\\\/\"},{\"@type\":\"ListItem\",\"position\":2,\"name\":\"Bal Warn!ng solidaire\"}]},{\"@type\":\"WebSite\",\"@id\":\"https:\\\/\\\/asti71.org\\\/#website\",\"url\":\"https:\\\/\\\/asti71.org\\\/\",\"name\":\"ASTI 71\",\"description\":\"\",\"publisher\":{\"@id\":\"https:\\\/\\\/asti71.org\\\/#organization\"},\"potentialAction\":[{\"@type\":\"SearchAction\",\"target\":{\"@type\":\"EntryPoint\",\"urlTemplate\":\"https:\\\/\\\/asti71.org\\\/?s={search_term_string}\"},\"query-input\":{\"@type\":\"PropertyValueSpecification\",\"valueRequired\":true,\"valueName\":\"search_term_string\"}}],\"inLanguage\":\"fr-FR\"},{\"@type\":\"Organization\",\"@id\":\"https:\\\/\\\/asti71.org\\\/#organization\",\"name\":\"ASTI 71\",\"url\":\"https:\\\/\\\/asti71.org\\\/\",\"logo\":{\"@type\":\"ImageObject\",\"inLanguage\":\"fr-FR\",\"@id\":\"https:\\\/\\\/asti71.org\\\/#\\\/schema\\\/logo\\\/image\\\/\",\"url\":\"https:\\\/\\\/asti71.org\\\/wp-content\\\/uploads\\\/2017\\\/10\\\/cropped-logo-e1508600698583.png\",\"contentUrl\":\"https:\\\/\\\/asti71.org\\\/wp-content\\\/uploads\\\/2017\\\/10\\\/cropped-logo-e1508600698583.png\",\"width\":100,\"height\":67,\"caption\":\"ASTI 71\"},\"image\":{\"@id\":\"https:\\\/\\\/asti71.org\\\/#\\\/schema\\\/logo\\\/image\\\/\"},\"sameAs\":[\"https:\\\/\\\/www.facebook.com\\\/asti.chalon\\\/\"]},{\"@type\":\"Person\",\"@id\":\"https:\\\/\\\/asti71.org\\\/#\\\/schema\\\/person\\\/abca5c6b761e6155394e56405f5365f3\",\"name\":\"ASTI\",\"url\":\"https:\\\/\\\/asti71.org\\\/index.php\\\/author\\\/admin9361\\\/\"}]}<\/script>\n<!-- \/ Yoast SEO plugin. -->","yoast_head_json":{"title":"Bal Warn!ng solidaire - ASTI 71","description":"Vendredi 12 avril \u00e0 20h au Clos Bourguignon \u00e0 Chalon, Bal Warn!ng solidaire !L'ensemble oriental du Grand Chalon commencera la soir\u00e9e avec des musiques du monde.Ensuite, le bal Warn!ng vous fera danser avec des paso doble, valses musettes, biguines enfi\u00e9vr\u00e9es, tarentelles bigarr\u00e9es et secousses balkaniques !","robots":{"index":"index","follow":"follow","max-snippet":"max-snippet:-1","max-image-preview":"max-image-preview:large","max-video-preview":"max-video-preview:-1"},"canonical":"https:\/\/asti71.org\/index.php\/2024\/03\/22\/bal-warnng-solidaire\/","og_locale":"fr_FR","og_type":"article","og_title":"Bal Warn!ng solidaire - ASTI 71","og_description":"Vendredi 12 avril \u00e0 20h au Clos Bourguignon \u00e0 Chalon, Bal Warn!ng solidaire !L'ensemble oriental du Grand Chalon commencera la soir\u00e9e avec des musiques du monde.Ensuite, le bal Warn!ng vous fera danser avec des paso doble, valses musettes, biguines enfi\u00e9vr\u00e9es, tarentelles bigarr\u00e9es et secousses balkaniques !","og_url":"https:\/\/asti71.org\/index.php\/2024\/03\/22\/bal-warnng-solidaire\/","og_site_name":"ASTI 71","article_publisher":"https:\/\/www.facebook.com\/asti.chalon\/","article_published_time":"2024-03-22T14:35:48+00:00","article_modified_time":"2026-04-02T14:00:10+00:00","og_image":[{"width":620,"height":874,"url":"https:\/\/asti71.org\/wp-content\/uploads\/2024\/03\/Bal-warnng-Asti-12.04.2024.jpg","type":"image\/jpeg"}],"author":"ASTI","twitter_card":"summary_large_image","twitter_misc":{"\u00c9crit par":"ASTI","Dur\u00e9e de lecture estim\u00e9e":"1 minute"},"schema":{"@context":"https:\/\/schema.org","@graph":[{"@type":"Article","@id":"https:\/\/asti71.org\/index.php\/2024\/03\/22\/bal-warnng-solidaire\/#article","isPartOf":{"@id":"https:\/\/asti71.org\/index.php\/2024\/03\/22\/bal-warnng-solidaire\/"},"author":{"name":"ASTI","@id":"https:\/\/asti71.org\/#\/schema\/person\/abca5c6b761e6155394e56405f5365f3"},"headline":"Bal Warn!ng solidaire","datePublished":"2024-03-22T14:35:48+00:00","dateModified":"2026-04-02T14:00:10+00:00","mainEntityOfPage":{"@id":"https:\/\/asti71.org\/index.php\/2024\/03\/22\/bal-warnng-solidaire\/"},"wordCount":85,"publisher":{"@id":"https:\/\/asti71.org\/#organization"},"image":{"@id":"https:\/\/asti71.org\/index.php\/2024\/03\/22\/bal-warnng-solidaire\/#primaryimage"},"thumbnailUrl":"https:\/\/asti71.org\/wp-content\/uploads\/2024\/03\/Bal-warnng-Asti-12.04.2024.jpg","articleSection":["Actualit\u00e9s","Ev\u00e9nement"],"inLanguage":"fr-FR"},{"@type":"WebPage","@id":"https:\/\/asti71.org\/index.php\/2024\/03\/22\/bal-warnng-solidaire\/","url":"https:\/\/asti71.org\/index.php\/2024\/03\/22\/bal-warnng-solidaire\/","name":"Bal Warn!ng solidaire - ASTI 71","isPartOf":{"@id":"https:\/\/asti71.org\/#website"},"primaryImageOfPage":{"@id":"https:\/\/asti71.org\/index.php\/2024\/03\/22\/bal-warnng-solidaire\/#primaryimage"},"image":{"@id":"https:\/\/asti71.org\/index.php\/2024\/03\/22\/bal-warnng-solidaire\/#primaryimage"},"thumbnailUrl":"https:\/\/asti71.org\/wp-content\/uploads\/2024\/03\/Bal-warnng-Asti-12.04.2024.jpg","datePublished":"2024-03-22T14:35:48+00:00","dateModified":"2026-04-02T14:00:10+00:00","description":"Vendredi 12 avril \u00e0 20h au Clos Bourguignon \u00e0 Chalon, Bal Warn!ng solidaire !L'ensemble oriental du Grand Chalon commencera la soir\u00e9e avec des musiques du monde.Ensuite, le bal Warn!ng vous fera danser avec des paso doble, valses musettes, biguines enfi\u00e9vr\u00e9es, tarentelles bigarr\u00e9es et secousses balkaniques !","breadcrumb":{"@id":"https:\/\/asti71.org\/index.php\/2024\/03\/22\/bal-warnng-solidaire\/#breadcrumb"},"inLanguage":"fr-FR","potentialAction":[{"@type":"ReadAction","target":["https:\/\/asti71.org\/index.php\/2024\/03\/22\/bal-warnng-solidaire\/"]}]},{"@type":"ImageObject","inLanguage":"fr-FR","@id":"https:\/\/asti71.org\/index.php\/2024\/03\/22\/bal-warnng-solidaire\/#primaryimage","url":"https:\/\/asti71.org\/wp-content\/uploads\/2024\/03\/Bal-warnng-Asti-12.04.2024.jpg","contentUrl":"https:\/\/asti71.org\/wp-content\/uploads\/2024\/03\/Bal-warnng-Asti-12.04.2024.jpg","width":620,"height":874},{"@type":"BreadcrumbList","@id":"https:\/\/asti71.org\/index.php\/2024\/03\/22\/bal-warnng-solidaire\/#breadcrumb","itemListElement":[{"@type":"ListItem","position":1,"name":"Accueil","item":"https:\/\/asti71.org\/"},{"@type":"ListItem","position":2,"name":"Bal Warn!ng solidaire"}]},{"@type":"WebSite","@id":"https:\/\/asti71.org\/#website","url":"https:\/\/asti71.org\/","name":"ASTI 71","description":"","publisher":{"@id":"https:\/\/asti71.org\/#organization"},"potentialAction":[{"@type":"SearchAction","target":{"@type":"EntryPoint","urlTemplate":"https:\/\/asti71.org\/?s={search_term_string}"},"query-input":{"@type":"PropertyValueSpecification","valueRequired":true,"valueName":"search_term_string"}}],"inLanguage":"fr-FR"},{"@type":"Organization","@id":"https:\/\/asti71.org\/#organization","name":"ASTI 71","url":"https:\/\/asti71.org\/","logo":{"@type":"ImageObject","inLanguage":"fr-FR","@id":"https:\/\/asti71.org\/#\/schema\/logo\/image\/","url":"https:\/\/asti71.org\/wp-content\/uploads\/2017\/10\/cropped-logo-e1508600698583.png","contentUrl":"https:\/\/asti71.org\/wp-content\/uploads\/2017\/10\/cropped-logo-e1508600698583.png","width":100,"height":67,"caption":"ASTI 71"},"image":{"@id":"https:\/\/asti71.org\/#\/schema\/logo\/image\/"},"sameAs":["https:\/\/www.facebook.com\/asti.chalon\/"]},{"@type":"Person","@id":"https:\/\/asti71.org\/#\/schema\/person\/abca5c6b761e6155394e56405f5365f3","name":"ASTI","url":"https:\/\/asti71.org\/index.php\/author\/admin9361\/"}]}},"_links":{"self":[{"href":"https:\/\/asti71.org\/index.php\/wp-json\/wp\/v2\/posts\/1911","targetHints":{"allow":["GET"]}}],"collection":[{"href":"https:\/\/asti71.org\/index.php\/wp-json\/wp\/v2\/posts"}],"about":[{"href":"https:\/\/asti71.org\/index.php\/wp-json\/wp\/v2\/types\/post"}],"author":[{"embeddable":true,"href":"https:\/\/asti71.org\/index.php\/wp-json\/wp\/v2\/users\/1"}],"replies":[{"embeddable":true,"href":"https:\/\/asti71.org\/index.php\/wp-json\/wp\/v2\/comments?post=1911"}],"version-history":[{"count":4,"href":"https:\/\/asti71.org\/index.php\/wp-json\/wp\/v2\/posts\/1911\/revisions"}],"predecessor-version":[{"id":2504,"href":"https:\/\/asti71.org\/index.php\/wp-json\/wp\/v2\/posts\/1911\/revisions\/2504"}],"wp:featuredmedia":[{"embeddable":true,"href":"https:\/\/asti71.org\/index.php\/wp-json\/wp\/v2\/media\/1912"}],"wp:attachment":[{"href":"https:\/\/asti71.org\/index.php\/wp-json\/wp\/v2\/media?parent=1911"}],"wp:term":[{"taxonomy":"category","embeddable":true,"href":"https:\/\/asti71.org\/index.php\/wp-json\/wp\/v2\/categories?post=1911"},{"taxonomy":"post_tag","embeddable":true,"href":"https:\/\/asti71.org\/index.php\/wp-json\/wp\/v2\/tags?post=1911"}],"curies":[{"name":"wp","href":"https:\/\/api.w.org\/{rel}","templated":true}]}}