{"id":2214,"date":"2025-06-29T17:57:47","date_gmt":"2025-06-29T15:57:47","guid":{"rendered":"https:\/\/asti71.org\/?p=2214"},"modified":"2026-04-02T10:14:54","modified_gmt":"2026-04-02T08:14:54","slug":"visite-de-flavigny-et-de-la-fabrique-des-dragees-a-lanis","status":"publish","type":"post","link":"https:\/\/asti71.org\/index.php\/2025\/06\/29\/visite-de-flavigny-et-de-la-fabrique-des-dragees-a-lanis\/","title":{"rendered":"Visite de Flavigny et de la fabrique des drag\u00e9es \u00e0 l&rsquo;anis"},"content":{"rendered":"<p>Les apprenants de <a href=\"https:\/\/asti71.org\/index.php\/nos-actions\/bienvenue-en-francais\/\">Bienvenue en fran\u00e7ais<\/a> ont visit\u00e9 le village m\u00e9di\u00e9val de Flavigny sur Ozerain, un \u00ab\u00a0Plus beau village de France\u00a0\u00bb.<\/p>\n<p><a href=\"https:\/\/asti71.org\/wp-content\/uploads\/2025\/10\/Flavigny.jpg\" data-rel=\"lightbox-image-0\" data-rl_title=\"\" data-rl_caption=\"\" title=\"\"><img loading=\"lazy\" decoding=\"async\" class=\"alignnone size-full wp-image-2215\" src=\"https:\/\/asti71.org\/wp-content\/uploads\/2025\/10\/Flavigny.jpg\" alt=\"\" width=\"259\" height=\"194\" srcset=\"https:\/\/asti71.org\/wp-content\/uploads\/2025\/10\/Flavigny.jpg 259w, https:\/\/asti71.org\/wp-content\/uploads\/2025\/10\/Flavigny-110x82.jpg 110w\" sizes=\"auto, (max-width: 259px) 100vw, 259px\" \/><\/a><\/p>\n<p>Dans l&rsquo;ancienne Abbaye St-Pierre, ils ont d\u00e9couvert la fabrication des bonbons \u00e0 l&rsquo;anis et se sont r\u00e9gal\u00e9s avec la d\u00e9gustation.<\/p>\n<p><a href=\"https:\/\/asti71.org\/wp-content\/uploads\/2025\/10\/dragees.jpg\" data-rel=\"lightbox-image-1\" data-rl_title=\"\" data-rl_caption=\"\" title=\"\"><img loading=\"lazy\" decoding=\"async\" class=\"alignnone size-medium wp-image-2216\" src=\"https:\/\/asti71.org\/wp-content\/uploads\/2025\/10\/dragees.jpg\" alt=\"\" width=\"225\" height=\"225\" srcset=\"https:\/\/asti71.org\/wp-content\/uploads\/2025\/10\/dragees.jpg 225w, https:\/\/asti71.org\/wp-content\/uploads\/2025\/10\/dragees-150x150.jpg 150w, https:\/\/asti71.org\/wp-content\/uploads\/2025\/10\/dragees-125x125.jpg 125w, https:\/\/asti71.org\/wp-content\/uploads\/2025\/10\/dragees-110x110.jpg 110w\" sizes=\"auto, (max-width: 225px) 100vw, 225px\" \/><\/a><\/p>\n","protected":false},"excerpt":{"rendered":"<p>Les apprenants de Bienvenue en fran\u00e7ais ont visit\u00e9 le village m\u00e9di\u00e9val de Flavigny sur Ozerain, un \u00ab\u00a0Plus beau village de France\u00a0\u00bb. Dans l&rsquo;ancienne Abbaye St-Pierre, ils ont d\u00e9couvert la fabrication des bonbons \u00e0 l&rsquo;anis et se sont r\u00e9gal\u00e9s avec la d\u00e9gustation.<\/p>\n","protected":false},"author":1,"featured_media":2215,"comment_status":"closed","ping_status":"closed","sticky":false,"template":"","format":"standard","meta":{"footnotes":""},"categories":[20,15],"tags":[],"class_list":["post-2214","post","type-post","status-publish","format-standard","has-post-thumbnail","hentry","category-bienvenue-en-francais","category-en-direct-des-ateliers"],"yoast_head":"<!-- This site is optimized with the Yoast SEO plugin v27.5 - https:\/\/yoast.com\/product\/yoast-seo-wordpress\/ -->\n<title>Visite de Flavigny et de la fabrique des drag\u00e9es \u00e0 l&#039;anis - ASTI 71<\/title>\n<meta name=\"description\" content=\"Les apprenants de Bienvenue en fran\u00e7ais ont visit\u00e9 le village m\u00e9di\u00e9val de Flavigny sur Ozerain, un &quot;Plus beau village de France&quot;. Dans l&#039;ancienne Abbaye St-Pierre, ils ont d\u00e9couvert la fabrication des bonbons \u00e0 l&#039;anis et se sont r\u00e9gal\u00e9s avec la d\u00e9gustation.\" \/>\n<meta name=\"robots\" content=\"index, follow, max-snippet:-1, max-image-preview:large, max-video-preview:-1\" \/>\n<link rel=\"canonical\" href=\"https:\/\/asti71.org\/index.php\/2025\/06\/29\/visite-de-flavigny-et-de-la-fabrique-des-dragees-a-lanis\/\" \/>\n<meta property=\"og:locale\" content=\"fr_FR\" \/>\n<meta property=\"og:type\" content=\"article\" \/>\n<meta property=\"og:title\" content=\"Visite de Flavigny et de la fabrique des drag\u00e9es \u00e0 l&#039;anis - ASTI 71\" \/>\n<meta property=\"og:description\" content=\"Les apprenants de Bienvenue en fran\u00e7ais ont visit\u00e9 le village m\u00e9di\u00e9val de Flavigny sur Ozerain, un &quot;Plus beau village de France&quot;. Dans l&#039;ancienne Abbaye St-Pierre, ils ont d\u00e9couvert la fabrication des bonbons \u00e0 l&#039;anis et se sont r\u00e9gal\u00e9s avec la d\u00e9gustation.\" \/>\n<meta property=\"og:url\" content=\"https:\/\/asti71.org\/index.php\/2025\/06\/29\/visite-de-flavigny-et-de-la-fabrique-des-dragees-a-lanis\/\" \/>\n<meta property=\"og:site_name\" content=\"ASTI 71\" \/>\n<meta property=\"article:publisher\" content=\"https:\/\/www.facebook.com\/asti.chalon\/\" \/>\n<meta property=\"article:published_time\" content=\"2025-06-29T15:57:47+00:00\" \/>\n<meta property=\"article:modified_time\" content=\"2026-04-02T08:14:54+00:00\" \/>\n<meta property=\"og:image\" content=\"https:\/\/asti71.org\/wp-content\/uploads\/2025\/10\/Flavigny.jpg\" \/>\n\t<meta property=\"og:image:width\" content=\"259\" \/>\n\t<meta property=\"og:image:height\" content=\"194\" \/>\n\t<meta property=\"og:image:type\" content=\"image\/jpeg\" \/>\n<meta name=\"author\" content=\"ASTI\" \/>\n<meta name=\"twitter:card\" content=\"summary_large_image\" \/>\n<meta name=\"twitter:label1\" content=\"\u00c9crit par\" \/>\n\t<meta name=\"twitter:data1\" content=\"ASTI\" \/>\n\t<meta name=\"twitter:label2\" content=\"Dur\u00e9e de lecture estim\u00e9e\" \/>\n\t<meta name=\"twitter:data2\" content=\"1 minute\" \/>\n<script type=\"application\/ld+json\" class=\"yoast-schema-graph\">{\"@context\":\"https:\\\/\\\/schema.org\",\"@graph\":[{\"@type\":\"Article\",\"@id\":\"https:\\\/\\\/asti71.org\\\/index.php\\\/2025\\\/06\\\/29\\\/visite-de-flavigny-et-de-la-fabrique-des-dragees-a-lanis\\\/#article\",\"isPartOf\":{\"@id\":\"https:\\\/\\\/asti71.org\\\/index.php\\\/2025\\\/06\\\/29\\\/visite-de-flavigny-et-de-la-fabrique-des-dragees-a-lanis\\\/\"},\"author\":{\"name\":\"ASTI\",\"@id\":\"https:\\\/\\\/asti71.org\\\/#\\\/schema\\\/person\\\/abca5c6b761e6155394e56405f5365f3\"},\"headline\":\"Visite de Flavigny et de la fabrique des drag\u00e9es \u00e0 l&rsquo;anis\",\"datePublished\":\"2025-06-29T15:57:47+00:00\",\"dateModified\":\"2026-04-02T08:14:54+00:00\",\"mainEntityOfPage\":{\"@id\":\"https:\\\/\\\/asti71.org\\\/index.php\\\/2025\\\/06\\\/29\\\/visite-de-flavigny-et-de-la-fabrique-des-dragees-a-lanis\\\/\"},\"wordCount\":58,\"publisher\":{\"@id\":\"https:\\\/\\\/asti71.org\\\/#organization\"},\"image\":{\"@id\":\"https:\\\/\\\/asti71.org\\\/index.php\\\/2025\\\/06\\\/29\\\/visite-de-flavigny-et-de-la-fabrique-des-dragees-a-lanis\\\/#primaryimage\"},\"thumbnailUrl\":\"https:\\\/\\\/asti71.org\\\/wp-content\\\/uploads\\\/2025\\\/10\\\/Flavigny.jpg\",\"articleSection\":[\"Bienvenue en fran\u00e7ais\",\"En direct des ateliers\"],\"inLanguage\":\"fr-FR\"},{\"@type\":\"WebPage\",\"@id\":\"https:\\\/\\\/asti71.org\\\/index.php\\\/2025\\\/06\\\/29\\\/visite-de-flavigny-et-de-la-fabrique-des-dragees-a-lanis\\\/\",\"url\":\"https:\\\/\\\/asti71.org\\\/index.php\\\/2025\\\/06\\\/29\\\/visite-de-flavigny-et-de-la-fabrique-des-dragees-a-lanis\\\/\",\"name\":\"Visite de Flavigny et de la fabrique des drag\u00e9es \u00e0 l'anis - ASTI 71\",\"isPartOf\":{\"@id\":\"https:\\\/\\\/asti71.org\\\/#website\"},\"primaryImageOfPage\":{\"@id\":\"https:\\\/\\\/asti71.org\\\/index.php\\\/2025\\\/06\\\/29\\\/visite-de-flavigny-et-de-la-fabrique-des-dragees-a-lanis\\\/#primaryimage\"},\"image\":{\"@id\":\"https:\\\/\\\/asti71.org\\\/index.php\\\/2025\\\/06\\\/29\\\/visite-de-flavigny-et-de-la-fabrique-des-dragees-a-lanis\\\/#primaryimage\"},\"thumbnailUrl\":\"https:\\\/\\\/asti71.org\\\/wp-content\\\/uploads\\\/2025\\\/10\\\/Flavigny.jpg\",\"datePublished\":\"2025-06-29T15:57:47+00:00\",\"dateModified\":\"2026-04-02T08:14:54+00:00\",\"description\":\"Les apprenants de Bienvenue en fran\u00e7ais ont visit\u00e9 le village m\u00e9di\u00e9val de Flavigny sur Ozerain, un \\\"Plus beau village de France\\\". Dans l'ancienne Abbaye St-Pierre, ils ont d\u00e9couvert la fabrication des bonbons \u00e0 l'anis et se sont r\u00e9gal\u00e9s avec la d\u00e9gustation.\",\"breadcrumb\":{\"@id\":\"https:\\\/\\\/asti71.org\\\/index.php\\\/2025\\\/06\\\/29\\\/visite-de-flavigny-et-de-la-fabrique-des-dragees-a-lanis\\\/#breadcrumb\"},\"inLanguage\":\"fr-FR\",\"potentialAction\":[{\"@type\":\"ReadAction\",\"target\":[\"https:\\\/\\\/asti71.org\\\/index.php\\\/2025\\\/06\\\/29\\\/visite-de-flavigny-et-de-la-fabrique-des-dragees-a-lanis\\\/\"]}]},{\"@type\":\"ImageObject\",\"inLanguage\":\"fr-FR\",\"@id\":\"https:\\\/\\\/asti71.org\\\/index.php\\\/2025\\\/06\\\/29\\\/visite-de-flavigny-et-de-la-fabrique-des-dragees-a-lanis\\\/#primaryimage\",\"url\":\"https:\\\/\\\/asti71.org\\\/wp-content\\\/uploads\\\/2025\\\/10\\\/Flavigny.jpg\",\"contentUrl\":\"https:\\\/\\\/asti71.org\\\/wp-content\\\/uploads\\\/2025\\\/10\\\/Flavigny.jpg\",\"width\":259,\"height\":194},{\"@type\":\"BreadcrumbList\",\"@id\":\"https:\\\/\\\/asti71.org\\\/index.php\\\/2025\\\/06\\\/29\\\/visite-de-flavigny-et-de-la-fabrique-des-dragees-a-lanis\\\/#breadcrumb\",\"itemListElement\":[{\"@type\":\"ListItem\",\"position\":1,\"name\":\"Accueil\",\"item\":\"https:\\\/\\\/asti71.org\\\/\"},{\"@type\":\"ListItem\",\"position\":2,\"name\":\"Visite de Flavigny et de la fabrique des drag\u00e9es \u00e0 l&rsquo;anis\"}]},{\"@type\":\"WebSite\",\"@id\":\"https:\\\/\\\/asti71.org\\\/#website\",\"url\":\"https:\\\/\\\/asti71.org\\\/\",\"name\":\"ASTI 71\",\"description\":\"\",\"publisher\":{\"@id\":\"https:\\\/\\\/asti71.org\\\/#organization\"},\"potentialAction\":[{\"@type\":\"SearchAction\",\"target\":{\"@type\":\"EntryPoint\",\"urlTemplate\":\"https:\\\/\\\/asti71.org\\\/?s={search_term_string}\"},\"query-input\":{\"@type\":\"PropertyValueSpecification\",\"valueRequired\":true,\"valueName\":\"search_term_string\"}}],\"inLanguage\":\"fr-FR\"},{\"@type\":\"Organization\",\"@id\":\"https:\\\/\\\/asti71.org\\\/#organization\",\"name\":\"ASTI 71\",\"url\":\"https:\\\/\\\/asti71.org\\\/\",\"logo\":{\"@type\":\"ImageObject\",\"inLanguage\":\"fr-FR\",\"@id\":\"https:\\\/\\\/asti71.org\\\/#\\\/schema\\\/logo\\\/image\\\/\",\"url\":\"https:\\\/\\\/asti71.org\\\/wp-content\\\/uploads\\\/2017\\\/10\\\/cropped-logo-e1508600698583.png\",\"contentUrl\":\"https:\\\/\\\/asti71.org\\\/wp-content\\\/uploads\\\/2017\\\/10\\\/cropped-logo-e1508600698583.png\",\"width\":100,\"height\":67,\"caption\":\"ASTI 71\"},\"image\":{\"@id\":\"https:\\\/\\\/asti71.org\\\/#\\\/schema\\\/logo\\\/image\\\/\"},\"sameAs\":[\"https:\\\/\\\/www.facebook.com\\\/asti.chalon\\\/\"]},{\"@type\":\"Person\",\"@id\":\"https:\\\/\\\/asti71.org\\\/#\\\/schema\\\/person\\\/abca5c6b761e6155394e56405f5365f3\",\"name\":\"ASTI\",\"url\":\"https:\\\/\\\/asti71.org\\\/index.php\\\/author\\\/admin9361\\\/\"}]}<\/script>\n<!-- \/ Yoast SEO plugin. -->","yoast_head_json":{"title":"Visite de Flavigny et de la fabrique des drag\u00e9es \u00e0 l'anis - ASTI 71","description":"Les apprenants de Bienvenue en fran\u00e7ais ont visit\u00e9 le village m\u00e9di\u00e9val de Flavigny sur Ozerain, un \"Plus beau village de France\". Dans l'ancienne Abbaye St-Pierre, ils ont d\u00e9couvert la fabrication des bonbons \u00e0 l'anis et se sont r\u00e9gal\u00e9s avec la d\u00e9gustation.","robots":{"index":"index","follow":"follow","max-snippet":"max-snippet:-1","max-image-preview":"max-image-preview:large","max-video-preview":"max-video-preview:-1"},"canonical":"https:\/\/asti71.org\/index.php\/2025\/06\/29\/visite-de-flavigny-et-de-la-fabrique-des-dragees-a-lanis\/","og_locale":"fr_FR","og_type":"article","og_title":"Visite de Flavigny et de la fabrique des drag\u00e9es \u00e0 l'anis - ASTI 71","og_description":"Les apprenants de Bienvenue en fran\u00e7ais ont visit\u00e9 le village m\u00e9di\u00e9val de Flavigny sur Ozerain, un \"Plus beau village de France\". Dans l'ancienne Abbaye St-Pierre, ils ont d\u00e9couvert la fabrication des bonbons \u00e0 l'anis et se sont r\u00e9gal\u00e9s avec la d\u00e9gustation.","og_url":"https:\/\/asti71.org\/index.php\/2025\/06\/29\/visite-de-flavigny-et-de-la-fabrique-des-dragees-a-lanis\/","og_site_name":"ASTI 71","article_publisher":"https:\/\/www.facebook.com\/asti.chalon\/","article_published_time":"2025-06-29T15:57:47+00:00","article_modified_time":"2026-04-02T08:14:54+00:00","og_image":[{"width":259,"height":194,"url":"https:\/\/asti71.org\/wp-content\/uploads\/2025\/10\/Flavigny.jpg","type":"image\/jpeg"}],"author":"ASTI","twitter_card":"summary_large_image","twitter_misc":{"\u00c9crit par":"ASTI","Dur\u00e9e de lecture estim\u00e9e":"1 minute"},"schema":{"@context":"https:\/\/schema.org","@graph":[{"@type":"Article","@id":"https:\/\/asti71.org\/index.php\/2025\/06\/29\/visite-de-flavigny-et-de-la-fabrique-des-dragees-a-lanis\/#article","isPartOf":{"@id":"https:\/\/asti71.org\/index.php\/2025\/06\/29\/visite-de-flavigny-et-de-la-fabrique-des-dragees-a-lanis\/"},"author":{"name":"ASTI","@id":"https:\/\/asti71.org\/#\/schema\/person\/abca5c6b761e6155394e56405f5365f3"},"headline":"Visite de Flavigny et de la fabrique des drag\u00e9es \u00e0 l&rsquo;anis","datePublished":"2025-06-29T15:57:47+00:00","dateModified":"2026-04-02T08:14:54+00:00","mainEntityOfPage":{"@id":"https:\/\/asti71.org\/index.php\/2025\/06\/29\/visite-de-flavigny-et-de-la-fabrique-des-dragees-a-lanis\/"},"wordCount":58,"publisher":{"@id":"https:\/\/asti71.org\/#organization"},"image":{"@id":"https:\/\/asti71.org\/index.php\/2025\/06\/29\/visite-de-flavigny-et-de-la-fabrique-des-dragees-a-lanis\/#primaryimage"},"thumbnailUrl":"https:\/\/asti71.org\/wp-content\/uploads\/2025\/10\/Flavigny.jpg","articleSection":["Bienvenue en fran\u00e7ais","En direct des ateliers"],"inLanguage":"fr-FR"},{"@type":"WebPage","@id":"https:\/\/asti71.org\/index.php\/2025\/06\/29\/visite-de-flavigny-et-de-la-fabrique-des-dragees-a-lanis\/","url":"https:\/\/asti71.org\/index.php\/2025\/06\/29\/visite-de-flavigny-et-de-la-fabrique-des-dragees-a-lanis\/","name":"Visite de Flavigny et de la fabrique des drag\u00e9es \u00e0 l'anis - ASTI 71","isPartOf":{"@id":"https:\/\/asti71.org\/#website"},"primaryImageOfPage":{"@id":"https:\/\/asti71.org\/index.php\/2025\/06\/29\/visite-de-flavigny-et-de-la-fabrique-des-dragees-a-lanis\/#primaryimage"},"image":{"@id":"https:\/\/asti71.org\/index.php\/2025\/06\/29\/visite-de-flavigny-et-de-la-fabrique-des-dragees-a-lanis\/#primaryimage"},"thumbnailUrl":"https:\/\/asti71.org\/wp-content\/uploads\/2025\/10\/Flavigny.jpg","datePublished":"2025-06-29T15:57:47+00:00","dateModified":"2026-04-02T08:14:54+00:00","description":"Les apprenants de Bienvenue en fran\u00e7ais ont visit\u00e9 le village m\u00e9di\u00e9val de Flavigny sur Ozerain, un \"Plus beau village de France\". Dans l'ancienne Abbaye St-Pierre, ils ont d\u00e9couvert la fabrication des bonbons \u00e0 l'anis et se sont r\u00e9gal\u00e9s avec la d\u00e9gustation.","breadcrumb":{"@id":"https:\/\/asti71.org\/index.php\/2025\/06\/29\/visite-de-flavigny-et-de-la-fabrique-des-dragees-a-lanis\/#breadcrumb"},"inLanguage":"fr-FR","potentialAction":[{"@type":"ReadAction","target":["https:\/\/asti71.org\/index.php\/2025\/06\/29\/visite-de-flavigny-et-de-la-fabrique-des-dragees-a-lanis\/"]}]},{"@type":"ImageObject","inLanguage":"fr-FR","@id":"https:\/\/asti71.org\/index.php\/2025\/06\/29\/visite-de-flavigny-et-de-la-fabrique-des-dragees-a-lanis\/#primaryimage","url":"https:\/\/asti71.org\/wp-content\/uploads\/2025\/10\/Flavigny.jpg","contentUrl":"https:\/\/asti71.org\/wp-content\/uploads\/2025\/10\/Flavigny.jpg","width":259,"height":194},{"@type":"BreadcrumbList","@id":"https:\/\/asti71.org\/index.php\/2025\/06\/29\/visite-de-flavigny-et-de-la-fabrique-des-dragees-a-lanis\/#breadcrumb","itemListElement":[{"@type":"ListItem","position":1,"name":"Accueil","item":"https:\/\/asti71.org\/"},{"@type":"ListItem","position":2,"name":"Visite de Flavigny et de la fabrique des drag\u00e9es \u00e0 l&rsquo;anis"}]},{"@type":"WebSite","@id":"https:\/\/asti71.org\/#website","url":"https:\/\/asti71.org\/","name":"ASTI 71","description":"","publisher":{"@id":"https:\/\/asti71.org\/#organization"},"potentialAction":[{"@type":"SearchAction","target":{"@type":"EntryPoint","urlTemplate":"https:\/\/asti71.org\/?s={search_term_string}"},"query-input":{"@type":"PropertyValueSpecification","valueRequired":true,"valueName":"search_term_string"}}],"inLanguage":"fr-FR"},{"@type":"Organization","@id":"https:\/\/asti71.org\/#organization","name":"ASTI 71","url":"https:\/\/asti71.org\/","logo":{"@type":"ImageObject","inLanguage":"fr-FR","@id":"https:\/\/asti71.org\/#\/schema\/logo\/image\/","url":"https:\/\/asti71.org\/wp-content\/uploads\/2017\/10\/cropped-logo-e1508600698583.png","contentUrl":"https:\/\/asti71.org\/wp-content\/uploads\/2017\/10\/cropped-logo-e1508600698583.png","width":100,"height":67,"caption":"ASTI 71"},"image":{"@id":"https:\/\/asti71.org\/#\/schema\/logo\/image\/"},"sameAs":["https:\/\/www.facebook.com\/asti.chalon\/"]},{"@type":"Person","@id":"https:\/\/asti71.org\/#\/schema\/person\/abca5c6b761e6155394e56405f5365f3","name":"ASTI","url":"https:\/\/asti71.org\/index.php\/author\/admin9361\/"}]}},"_links":{"self":[{"href":"https:\/\/asti71.org\/index.php\/wp-json\/wp\/v2\/posts\/2214","targetHints":{"allow":["GET"]}}],"collection":[{"href":"https:\/\/asti71.org\/index.php\/wp-json\/wp\/v2\/posts"}],"about":[{"href":"https:\/\/asti71.org\/index.php\/wp-json\/wp\/v2\/types\/post"}],"author":[{"embeddable":true,"href":"https:\/\/asti71.org\/index.php\/wp-json\/wp\/v2\/users\/1"}],"replies":[{"embeddable":true,"href":"https:\/\/asti71.org\/index.php\/wp-json\/wp\/v2\/comments?post=2214"}],"version-history":[{"count":2,"href":"https:\/\/asti71.org\/index.php\/wp-json\/wp\/v2\/posts\/2214\/revisions"}],"predecessor-version":[{"id":2312,"href":"https:\/\/asti71.org\/index.php\/wp-json\/wp\/v2\/posts\/2214\/revisions\/2312"}],"wp:featuredmedia":[{"embeddable":true,"href":"https:\/\/asti71.org\/index.php\/wp-json\/wp\/v2\/media\/2215"}],"wp:attachment":[{"href":"https:\/\/asti71.org\/index.php\/wp-json\/wp\/v2\/media?parent=2214"}],"wp:term":[{"taxonomy":"category","embeddable":true,"href":"https:\/\/asti71.org\/index.php\/wp-json\/wp\/v2\/categories?post=2214"},{"taxonomy":"post_tag","embeddable":true,"href":"https:\/\/asti71.org\/index.php\/wp-json\/wp\/v2\/tags?post=2214"}],"curies":[{"name":"wp","href":"https:\/\/api.w.org\/{rel}","templated":true}]}}