{"id":985,"date":"2020-02-28T18:00:30","date_gmt":"2020-02-28T17:00:30","guid":{"rendered":"https:\/\/asti71.org\/?p=985"},"modified":"2026-04-02T14:11:50","modified_gmt":"2026-04-02T12:11:50","slug":"accompagnement-a-la-scolarite-2","status":"publish","type":"post","link":"https:\/\/asti71.org\/index.php\/2020\/02\/28\/accompagnement-a-la-scolarite-2\/","title":{"rendered":"Cin\u00e9-d\u00e9bat"},"content":{"rendered":"<p>Pendant les vacances de f\u00e9vrier, deux jeunes en Service Civique \u00e0 <a href=\"https:\/\/www.uniscite.fr\/\">Unis-Cit\u00e9<\/a> ont anim\u00e9 pour les coll\u00e9giens de l\u2019<a href=\"https:\/\/asti71.org\/index.php\/nos-actions\/accompagnement-scolaire\/\">accompagnement \u00e0 la scolarit\u00e9<\/a> un cin\u00e9-d\u00e9bat sur le film \u00ab Les Mauvaises Herbes \u00bb, film r\u00e9alis\u00e9 par Kheiron.<\/p>\n<p><em>Synopsis\u00a0: <\/em><em>Wae\u0308l, un ancien enfant des rues, vit en banlieue parisienne de petites arnaques qu\u2019il commet avec Monique, une femme a\u0300 la retraite qui tient visiblement beaucoup a\u0300 lui.<\/em><\/p>\n<p><em>Sa vie prend un tournant le jour ou\u0300 un ami de cette derni\u00e8re, Victor, lui offre, sur insistance de Monique, un petit job b\u00e9n\u00e9vole dans son centre d\u2019enfants exclus du syst\u00e8me scolaire.<\/em><\/p>\n<p><em>Wae\u0308l se retrouve peu a\u0300 peu responsable d\u2019un groupe de six adolescents expuls\u00e9s pour absent\u00e9isme, insolence ou encore port d\u2019arme.<\/em><\/p>\n<p><em>De cette rencontre explosive entre \u00ab mauvaises herbes \u00bb va na\u00eetre un v\u00e9ritable miracle.<\/em><\/p>\n<p>L\u2019apr\u00e8s-midi s\u2019est termin\u00e9 par un go\u00fbter partag\u00e9 \u00e0 l\u2019Asti.<\/p>\n<p>&nbsp;<\/p>\n<p><img loading=\"lazy\" decoding=\"async\" class=\"alignnone size-medium wp-image-984\" src=\"https:\/\/asti71.org\/wp-content\/uploads\/2020\/06\/Uniscit\u00e9-cin\u00e9-d\u00e9bat-196x300.png\" alt=\"\" width=\"196\" height=\"300\" srcset=\"https:\/\/asti71.org\/wp-content\/uploads\/2020\/06\/Uniscit\u00e9-cin\u00e9-d\u00e9bat-196x300.png 196w, https:\/\/asti71.org\/wp-content\/uploads\/2020\/06\/Uniscit\u00e9-cin\u00e9-d\u00e9bat-72x110.png 72w, https:\/\/asti71.org\/wp-content\/uploads\/2020\/06\/Uniscit\u00e9-cin\u00e9-d\u00e9bat.png 275w\" sizes=\"auto, (max-width: 196px) 100vw, 196px\" \/><\/p>\n","protected":false},"excerpt":{"rendered":"<p>Pendant les vacances de f\u00e9vrier, deux jeunes en Service Civique \u00e0 Unis-Cit\u00e9 ont anim\u00e9 pour les coll\u00e9giens de l\u2019accompagnement \u00e0 la scolarit\u00e9 un cin\u00e9-d\u00e9bat sur le film \u00ab Les Mauvaises Herbes \u00bb, film r\u00e9alis\u00e9 par Kheiron. Synopsis\u00a0: Wae\u0308l, un ancien enfant des rues, vit en banlieue parisienne de petites arnaques qu\u2019il commet avec Monique, une [&hellip;]<\/p>\n","protected":false},"author":1,"featured_media":984,"comment_status":"closed","ping_status":"closed","sticky":false,"template":"","format":"standard","meta":{"footnotes":""},"categories":[21],"tags":[],"class_list":["post-985","post","type-post","status-publish","format-standard","has-post-thumbnail","hentry","category-accompagnement-a-la-scolarite"],"yoast_head":"<!-- This site is optimized with the Yoast SEO plugin v27.5 - https:\/\/yoast.com\/product\/yoast-seo-wordpress\/ -->\n<title>Cin\u00e9-d\u00e9bat - ASTI 71<\/title>\n<meta name=\"description\" content=\"Pendant les vacances de f\u00e9vrier, deux jeunes en Service Civique \u00e0 Unis-Cit\u00e9 ont anim\u00e9 pour les coll\u00e9giens de l\u2019accompagnement \u00e0 la scolarit\u00e9 un cin\u00e9-d\u00e9bat sur le film \u00ab Les Mauvaises Herbes \u00bb, film r\u00e9alis\u00e9 par Kheiron.Synopsis\u00a0: Wae\u0308l, un ancien enfant des rues, vit en banlieue parisienne de petites arnaques qu\u2019il commet avec Monique, une femme a\u0300 la retraite qui tient visiblement beaucoup a\u0300 lui.Sa vie prend un tournant le jour ou\u0300 un ami de cette derni\u00e8re, Victor, lui offre, sur insistance de Monique, un petit job b\u00e9n\u00e9vole dans son centre d\u2019enfants exclus du syst\u00e8me scolaire.Wae\u0308l se retrouve peu a\u0300 peu responsable d\u2019un groupe de six adolescents expuls\u00e9s pour absent\u00e9isme, insolence ou encore port d\u2019arme.De cette rencontre explosive entre \u00ab mauvaises herbes \u00bb va na\u00eetre un v\u00e9ritable miracle.L\u2019apr\u00e8s-midi s\u2019est termin\u00e9 par un go\u00fbter partag\u00e9 \u00e0 l\u2019Asti.\" \/>\n<meta name=\"robots\" content=\"index, follow, max-snippet:-1, max-image-preview:large, max-video-preview:-1\" \/>\n<link rel=\"canonical\" href=\"https:\/\/asti71.org\/index.php\/2020\/02\/28\/accompagnement-a-la-scolarite-2\/\" \/>\n<meta property=\"og:locale\" content=\"fr_FR\" \/>\n<meta property=\"og:type\" content=\"article\" \/>\n<meta property=\"og:title\" content=\"Cin\u00e9-d\u00e9bat - ASTI 71\" \/>\n<meta property=\"og:description\" content=\"Pendant les vacances de f\u00e9vrier, deux jeunes en Service Civique \u00e0 Unis-Cit\u00e9 ont anim\u00e9 pour les coll\u00e9giens de l\u2019accompagnement \u00e0 la scolarit\u00e9 un cin\u00e9-d\u00e9bat sur le film \u00ab Les Mauvaises Herbes \u00bb, film r\u00e9alis\u00e9 par Kheiron.Synopsis\u00a0: Wae\u0308l, un ancien enfant des rues, vit en banlieue parisienne de petites arnaques qu\u2019il commet avec Monique, une femme a\u0300 la retraite qui tient visiblement beaucoup a\u0300 lui.Sa vie prend un tournant le jour ou\u0300 un ami de cette derni\u00e8re, Victor, lui offre, sur insistance de Monique, un petit job b\u00e9n\u00e9vole dans son centre d\u2019enfants exclus du syst\u00e8me scolaire.Wae\u0308l se retrouve peu a\u0300 peu responsable d\u2019un groupe de six adolescents expuls\u00e9s pour absent\u00e9isme, insolence ou encore port d\u2019arme.De cette rencontre explosive entre \u00ab mauvaises herbes \u00bb va na\u00eetre un v\u00e9ritable miracle.L\u2019apr\u00e8s-midi s\u2019est termin\u00e9 par un go\u00fbter partag\u00e9 \u00e0 l\u2019Asti.\" \/>\n<meta property=\"og:url\" content=\"https:\/\/asti71.org\/index.php\/2020\/02\/28\/accompagnement-a-la-scolarite-2\/\" \/>\n<meta property=\"og:site_name\" content=\"ASTI 71\" \/>\n<meta property=\"article:publisher\" content=\"https:\/\/www.facebook.com\/asti.chalon\/\" \/>\n<meta property=\"article:published_time\" content=\"2020-02-28T17:00:30+00:00\" \/>\n<meta property=\"article:modified_time\" content=\"2026-04-02T12:11:50+00:00\" \/>\n<meta property=\"og:image\" content=\"https:\/\/asti71.org\/wp-content\/uploads\/2020\/06\/Uniscit\u00e9-cin\u00e9-d\u00e9bat.png\" \/>\n\t<meta property=\"og:image:width\" content=\"275\" \/>\n\t<meta property=\"og:image:height\" content=\"420\" \/>\n\t<meta property=\"og:image:type\" content=\"image\/png\" \/>\n<meta name=\"author\" content=\"ASTI\" \/>\n<meta name=\"twitter:card\" content=\"summary_large_image\" \/>\n<meta name=\"twitter:label1\" content=\"\u00c9crit par\" \/>\n\t<meta name=\"twitter:data1\" content=\"ASTI\" \/>\n\t<meta name=\"twitter:label2\" content=\"Dur\u00e9e de lecture estim\u00e9e\" \/>\n\t<meta name=\"twitter:data2\" content=\"2 minutes\" \/>\n<script type=\"application\/ld+json\" class=\"yoast-schema-graph\">{\"@context\":\"https:\\\/\\\/schema.org\",\"@graph\":[{\"@type\":\"Article\",\"@id\":\"https:\\\/\\\/asti71.org\\\/index.php\\\/2020\\\/02\\\/28\\\/accompagnement-a-la-scolarite-2\\\/#article\",\"isPartOf\":{\"@id\":\"https:\\\/\\\/asti71.org\\\/index.php\\\/2020\\\/02\\\/28\\\/accompagnement-a-la-scolarite-2\\\/\"},\"author\":{\"name\":\"ASTI\",\"@id\":\"https:\\\/\\\/asti71.org\\\/#\\\/schema\\\/person\\\/abca5c6b761e6155394e56405f5365f3\"},\"headline\":\"Cin\u00e9-d\u00e9bat\",\"datePublished\":\"2020-02-28T17:00:30+00:00\",\"dateModified\":\"2026-04-02T12:11:50+00:00\",\"mainEntityOfPage\":{\"@id\":\"https:\\\/\\\/asti71.org\\\/index.php\\\/2020\\\/02\\\/28\\\/accompagnement-a-la-scolarite-2\\\/\"},\"wordCount\":162,\"publisher\":{\"@id\":\"https:\\\/\\\/asti71.org\\\/#organization\"},\"image\":{\"@id\":\"https:\\\/\\\/asti71.org\\\/index.php\\\/2020\\\/02\\\/28\\\/accompagnement-a-la-scolarite-2\\\/#primaryimage\"},\"thumbnailUrl\":\"https:\\\/\\\/asti71.org\\\/wp-content\\\/uploads\\\/2020\\\/06\\\/Uniscit\u00e9-cin\u00e9-d\u00e9bat.png\",\"articleSection\":[\"Accompagnement \u00e0 la scolarit\u00e9\"],\"inLanguage\":\"fr-FR\"},{\"@type\":\"WebPage\",\"@id\":\"https:\\\/\\\/asti71.org\\\/index.php\\\/2020\\\/02\\\/28\\\/accompagnement-a-la-scolarite-2\\\/\",\"url\":\"https:\\\/\\\/asti71.org\\\/index.php\\\/2020\\\/02\\\/28\\\/accompagnement-a-la-scolarite-2\\\/\",\"name\":\"Cin\u00e9-d\u00e9bat - ASTI 71\",\"isPartOf\":{\"@id\":\"https:\\\/\\\/asti71.org\\\/#website\"},\"primaryImageOfPage\":{\"@id\":\"https:\\\/\\\/asti71.org\\\/index.php\\\/2020\\\/02\\\/28\\\/accompagnement-a-la-scolarite-2\\\/#primaryimage\"},\"image\":{\"@id\":\"https:\\\/\\\/asti71.org\\\/index.php\\\/2020\\\/02\\\/28\\\/accompagnement-a-la-scolarite-2\\\/#primaryimage\"},\"thumbnailUrl\":\"https:\\\/\\\/asti71.org\\\/wp-content\\\/uploads\\\/2020\\\/06\\\/Uniscit\u00e9-cin\u00e9-d\u00e9bat.png\",\"datePublished\":\"2020-02-28T17:00:30+00:00\",\"dateModified\":\"2026-04-02T12:11:50+00:00\",\"description\":\"Pendant les vacances de f\u00e9vrier, deux jeunes en Service Civique \u00e0 Unis-Cit\u00e9 ont anim\u00e9 pour les coll\u00e9giens de l\u2019accompagnement \u00e0 la scolarit\u00e9 un cin\u00e9-d\u00e9bat sur le film \u00ab Les Mauvaises Herbes \u00bb, film r\u00e9alis\u00e9 par Kheiron.Synopsis\u00a0: Wae\u0308l, un ancien enfant des rues, vit en banlieue parisienne de petites arnaques qu\u2019il commet avec Monique, une femme a\u0300 la retraite qui tient visiblement beaucoup a\u0300 lui.Sa vie prend un tournant le jour ou\u0300 un ami de cette derni\u00e8re, Victor, lui offre, sur insistance de Monique, un petit job b\u00e9n\u00e9vole dans son centre d\u2019enfants exclus du syst\u00e8me scolaire.Wae\u0308l se retrouve peu a\u0300 peu responsable d\u2019un groupe de six adolescents expuls\u00e9s pour absent\u00e9isme, insolence ou encore port d\u2019arme.De cette rencontre explosive entre \u00ab mauvaises herbes \u00bb va na\u00eetre un v\u00e9ritable miracle.L\u2019apr\u00e8s-midi s\u2019est termin\u00e9 par un go\u00fbter partag\u00e9 \u00e0 l\u2019Asti.\",\"breadcrumb\":{\"@id\":\"https:\\\/\\\/asti71.org\\\/index.php\\\/2020\\\/02\\\/28\\\/accompagnement-a-la-scolarite-2\\\/#breadcrumb\"},\"inLanguage\":\"fr-FR\",\"potentialAction\":[{\"@type\":\"ReadAction\",\"target\":[\"https:\\\/\\\/asti71.org\\\/index.php\\\/2020\\\/02\\\/28\\\/accompagnement-a-la-scolarite-2\\\/\"]}]},{\"@type\":\"ImageObject\",\"inLanguage\":\"fr-FR\",\"@id\":\"https:\\\/\\\/asti71.org\\\/index.php\\\/2020\\\/02\\\/28\\\/accompagnement-a-la-scolarite-2\\\/#primaryimage\",\"url\":\"https:\\\/\\\/asti71.org\\\/wp-content\\\/uploads\\\/2020\\\/06\\\/Uniscit\u00e9-cin\u00e9-d\u00e9bat.png\",\"contentUrl\":\"https:\\\/\\\/asti71.org\\\/wp-content\\\/uploads\\\/2020\\\/06\\\/Uniscit\u00e9-cin\u00e9-d\u00e9bat.png\",\"width\":275,\"height\":420},{\"@type\":\"BreadcrumbList\",\"@id\":\"https:\\\/\\\/asti71.org\\\/index.php\\\/2020\\\/02\\\/28\\\/accompagnement-a-la-scolarite-2\\\/#breadcrumb\",\"itemListElement\":[{\"@type\":\"ListItem\",\"position\":1,\"name\":\"Accueil\",\"item\":\"https:\\\/\\\/asti71.org\\\/\"},{\"@type\":\"ListItem\",\"position\":2,\"name\":\"Cin\u00e9-d\u00e9bat\"}]},{\"@type\":\"WebSite\",\"@id\":\"https:\\\/\\\/asti71.org\\\/#website\",\"url\":\"https:\\\/\\\/asti71.org\\\/\",\"name\":\"ASTI 71\",\"description\":\"\",\"publisher\":{\"@id\":\"https:\\\/\\\/asti71.org\\\/#organization\"},\"potentialAction\":[{\"@type\":\"SearchAction\",\"target\":{\"@type\":\"EntryPoint\",\"urlTemplate\":\"https:\\\/\\\/asti71.org\\\/?s={search_term_string}\"},\"query-input\":{\"@type\":\"PropertyValueSpecification\",\"valueRequired\":true,\"valueName\":\"search_term_string\"}}],\"inLanguage\":\"fr-FR\"},{\"@type\":\"Organization\",\"@id\":\"https:\\\/\\\/asti71.org\\\/#organization\",\"name\":\"ASTI 71\",\"url\":\"https:\\\/\\\/asti71.org\\\/\",\"logo\":{\"@type\":\"ImageObject\",\"inLanguage\":\"fr-FR\",\"@id\":\"https:\\\/\\\/asti71.org\\\/#\\\/schema\\\/logo\\\/image\\\/\",\"url\":\"https:\\\/\\\/asti71.org\\\/wp-content\\\/uploads\\\/2017\\\/10\\\/cropped-logo-e1508600698583.png\",\"contentUrl\":\"https:\\\/\\\/asti71.org\\\/wp-content\\\/uploads\\\/2017\\\/10\\\/cropped-logo-e1508600698583.png\",\"width\":100,\"height\":67,\"caption\":\"ASTI 71\"},\"image\":{\"@id\":\"https:\\\/\\\/asti71.org\\\/#\\\/schema\\\/logo\\\/image\\\/\"},\"sameAs\":[\"https:\\\/\\\/www.facebook.com\\\/asti.chalon\\\/\"]},{\"@type\":\"Person\",\"@id\":\"https:\\\/\\\/asti71.org\\\/#\\\/schema\\\/person\\\/abca5c6b761e6155394e56405f5365f3\",\"name\":\"ASTI\",\"url\":\"https:\\\/\\\/asti71.org\\\/index.php\\\/author\\\/admin9361\\\/\"}]}<\/script>\n<!-- \/ Yoast SEO plugin. -->","yoast_head_json":{"title":"Cin\u00e9-d\u00e9bat - ASTI 71","description":"Pendant les vacances de f\u00e9vrier, deux jeunes en Service Civique \u00e0 Unis-Cit\u00e9 ont anim\u00e9 pour les coll\u00e9giens de l\u2019accompagnement \u00e0 la scolarit\u00e9 un cin\u00e9-d\u00e9bat sur le film \u00ab Les Mauvaises Herbes \u00bb, film r\u00e9alis\u00e9 par Kheiron.Synopsis\u00a0: Wae\u0308l, un ancien enfant des rues, vit en banlieue parisienne de petites arnaques qu\u2019il commet avec Monique, une femme a\u0300 la retraite qui tient visiblement beaucoup a\u0300 lui.Sa vie prend un tournant le jour ou\u0300 un ami de cette derni\u00e8re, Victor, lui offre, sur insistance de Monique, un petit job b\u00e9n\u00e9vole dans son centre d\u2019enfants exclus du syst\u00e8me scolaire.Wae\u0308l se retrouve peu a\u0300 peu responsable d\u2019un groupe de six adolescents expuls\u00e9s pour absent\u00e9isme, insolence ou encore port d\u2019arme.De cette rencontre explosive entre \u00ab mauvaises herbes \u00bb va na\u00eetre un v\u00e9ritable miracle.L\u2019apr\u00e8s-midi s\u2019est termin\u00e9 par un go\u00fbter partag\u00e9 \u00e0 l\u2019Asti.","robots":{"index":"index","follow":"follow","max-snippet":"max-snippet:-1","max-image-preview":"max-image-preview:large","max-video-preview":"max-video-preview:-1"},"canonical":"https:\/\/asti71.org\/index.php\/2020\/02\/28\/accompagnement-a-la-scolarite-2\/","og_locale":"fr_FR","og_type":"article","og_title":"Cin\u00e9-d\u00e9bat - ASTI 71","og_description":"Pendant les vacances de f\u00e9vrier, deux jeunes en Service Civique \u00e0 Unis-Cit\u00e9 ont anim\u00e9 pour les coll\u00e9giens de l\u2019accompagnement \u00e0 la scolarit\u00e9 un cin\u00e9-d\u00e9bat sur le film \u00ab Les Mauvaises Herbes \u00bb, film r\u00e9alis\u00e9 par Kheiron.Synopsis\u00a0: Wae\u0308l, un ancien enfant des rues, vit en banlieue parisienne de petites arnaques qu\u2019il commet avec Monique, une femme a\u0300 la retraite qui tient visiblement beaucoup a\u0300 lui.Sa vie prend un tournant le jour ou\u0300 un ami de cette derni\u00e8re, Victor, lui offre, sur insistance de Monique, un petit job b\u00e9n\u00e9vole dans son centre d\u2019enfants exclus du syst\u00e8me scolaire.Wae\u0308l se retrouve peu a\u0300 peu responsable d\u2019un groupe de six adolescents expuls\u00e9s pour absent\u00e9isme, insolence ou encore port d\u2019arme.De cette rencontre explosive entre \u00ab mauvaises herbes \u00bb va na\u00eetre un v\u00e9ritable miracle.L\u2019apr\u00e8s-midi s\u2019est termin\u00e9 par un go\u00fbter partag\u00e9 \u00e0 l\u2019Asti.","og_url":"https:\/\/asti71.org\/index.php\/2020\/02\/28\/accompagnement-a-la-scolarite-2\/","og_site_name":"ASTI 71","article_publisher":"https:\/\/www.facebook.com\/asti.chalon\/","article_published_time":"2020-02-28T17:00:30+00:00","article_modified_time":"2026-04-02T12:11:50+00:00","og_image":[{"width":275,"height":420,"url":"https:\/\/asti71.org\/wp-content\/uploads\/2020\/06\/Uniscit\u00e9-cin\u00e9-d\u00e9bat.png","type":"image\/png"}],"author":"ASTI","twitter_card":"summary_large_image","twitter_misc":{"\u00c9crit par":"ASTI","Dur\u00e9e de lecture estim\u00e9e":"2 minutes"},"schema":{"@context":"https:\/\/schema.org","@graph":[{"@type":"Article","@id":"https:\/\/asti71.org\/index.php\/2020\/02\/28\/accompagnement-a-la-scolarite-2\/#article","isPartOf":{"@id":"https:\/\/asti71.org\/index.php\/2020\/02\/28\/accompagnement-a-la-scolarite-2\/"},"author":{"name":"ASTI","@id":"https:\/\/asti71.org\/#\/schema\/person\/abca5c6b761e6155394e56405f5365f3"},"headline":"Cin\u00e9-d\u00e9bat","datePublished":"2020-02-28T17:00:30+00:00","dateModified":"2026-04-02T12:11:50+00:00","mainEntityOfPage":{"@id":"https:\/\/asti71.org\/index.php\/2020\/02\/28\/accompagnement-a-la-scolarite-2\/"},"wordCount":162,"publisher":{"@id":"https:\/\/asti71.org\/#organization"},"image":{"@id":"https:\/\/asti71.org\/index.php\/2020\/02\/28\/accompagnement-a-la-scolarite-2\/#primaryimage"},"thumbnailUrl":"https:\/\/asti71.org\/wp-content\/uploads\/2020\/06\/Uniscit\u00e9-cin\u00e9-d\u00e9bat.png","articleSection":["Accompagnement \u00e0 la scolarit\u00e9"],"inLanguage":"fr-FR"},{"@type":"WebPage","@id":"https:\/\/asti71.org\/index.php\/2020\/02\/28\/accompagnement-a-la-scolarite-2\/","url":"https:\/\/asti71.org\/index.php\/2020\/02\/28\/accompagnement-a-la-scolarite-2\/","name":"Cin\u00e9-d\u00e9bat - ASTI 71","isPartOf":{"@id":"https:\/\/asti71.org\/#website"},"primaryImageOfPage":{"@id":"https:\/\/asti71.org\/index.php\/2020\/02\/28\/accompagnement-a-la-scolarite-2\/#primaryimage"},"image":{"@id":"https:\/\/asti71.org\/index.php\/2020\/02\/28\/accompagnement-a-la-scolarite-2\/#primaryimage"},"thumbnailUrl":"https:\/\/asti71.org\/wp-content\/uploads\/2020\/06\/Uniscit\u00e9-cin\u00e9-d\u00e9bat.png","datePublished":"2020-02-28T17:00:30+00:00","dateModified":"2026-04-02T12:11:50+00:00","description":"Pendant les vacances de f\u00e9vrier, deux jeunes en Service Civique \u00e0 Unis-Cit\u00e9 ont anim\u00e9 pour les coll\u00e9giens de l\u2019accompagnement \u00e0 la scolarit\u00e9 un cin\u00e9-d\u00e9bat sur le film \u00ab Les Mauvaises Herbes \u00bb, film r\u00e9alis\u00e9 par Kheiron.Synopsis\u00a0: Wae\u0308l, un ancien enfant des rues, vit en banlieue parisienne de petites arnaques qu\u2019il commet avec Monique, une femme a\u0300 la retraite qui tient visiblement beaucoup a\u0300 lui.Sa vie prend un tournant le jour ou\u0300 un ami de cette derni\u00e8re, Victor, lui offre, sur insistance de Monique, un petit job b\u00e9n\u00e9vole dans son centre d\u2019enfants exclus du syst\u00e8me scolaire.Wae\u0308l se retrouve peu a\u0300 peu responsable d\u2019un groupe de six adolescents expuls\u00e9s pour absent\u00e9isme, insolence ou encore port d\u2019arme.De cette rencontre explosive entre \u00ab mauvaises herbes \u00bb va na\u00eetre un v\u00e9ritable miracle.L\u2019apr\u00e8s-midi s\u2019est termin\u00e9 par un go\u00fbter partag\u00e9 \u00e0 l\u2019Asti.","breadcrumb":{"@id":"https:\/\/asti71.org\/index.php\/2020\/02\/28\/accompagnement-a-la-scolarite-2\/#breadcrumb"},"inLanguage":"fr-FR","potentialAction":[{"@type":"ReadAction","target":["https:\/\/asti71.org\/index.php\/2020\/02\/28\/accompagnement-a-la-scolarite-2\/"]}]},{"@type":"ImageObject","inLanguage":"fr-FR","@id":"https:\/\/asti71.org\/index.php\/2020\/02\/28\/accompagnement-a-la-scolarite-2\/#primaryimage","url":"https:\/\/asti71.org\/wp-content\/uploads\/2020\/06\/Uniscit\u00e9-cin\u00e9-d\u00e9bat.png","contentUrl":"https:\/\/asti71.org\/wp-content\/uploads\/2020\/06\/Uniscit\u00e9-cin\u00e9-d\u00e9bat.png","width":275,"height":420},{"@type":"BreadcrumbList","@id":"https:\/\/asti71.org\/index.php\/2020\/02\/28\/accompagnement-a-la-scolarite-2\/#breadcrumb","itemListElement":[{"@type":"ListItem","position":1,"name":"Accueil","item":"https:\/\/asti71.org\/"},{"@type":"ListItem","position":2,"name":"Cin\u00e9-d\u00e9bat"}]},{"@type":"WebSite","@id":"https:\/\/asti71.org\/#website","url":"https:\/\/asti71.org\/","name":"ASTI 71","description":"","publisher":{"@id":"https:\/\/asti71.org\/#organization"},"potentialAction":[{"@type":"SearchAction","target":{"@type":"EntryPoint","urlTemplate":"https:\/\/asti71.org\/?s={search_term_string}"},"query-input":{"@type":"PropertyValueSpecification","valueRequired":true,"valueName":"search_term_string"}}],"inLanguage":"fr-FR"},{"@type":"Organization","@id":"https:\/\/asti71.org\/#organization","name":"ASTI 71","url":"https:\/\/asti71.org\/","logo":{"@type":"ImageObject","inLanguage":"fr-FR","@id":"https:\/\/asti71.org\/#\/schema\/logo\/image\/","url":"https:\/\/asti71.org\/wp-content\/uploads\/2017\/10\/cropped-logo-e1508600698583.png","contentUrl":"https:\/\/asti71.org\/wp-content\/uploads\/2017\/10\/cropped-logo-e1508600698583.png","width":100,"height":67,"caption":"ASTI 71"},"image":{"@id":"https:\/\/asti71.org\/#\/schema\/logo\/image\/"},"sameAs":["https:\/\/www.facebook.com\/asti.chalon\/"]},{"@type":"Person","@id":"https:\/\/asti71.org\/#\/schema\/person\/abca5c6b761e6155394e56405f5365f3","name":"ASTI","url":"https:\/\/asti71.org\/index.php\/author\/admin9361\/"}]}},"_links":{"self":[{"href":"https:\/\/asti71.org\/index.php\/wp-json\/wp\/v2\/posts\/985","targetHints":{"allow":["GET"]}}],"collection":[{"href":"https:\/\/asti71.org\/index.php\/wp-json\/wp\/v2\/posts"}],"about":[{"href":"https:\/\/asti71.org\/index.php\/wp-json\/wp\/v2\/types\/post"}],"author":[{"embeddable":true,"href":"https:\/\/asti71.org\/index.php\/wp-json\/wp\/v2\/users\/1"}],"replies":[{"embeddable":true,"href":"https:\/\/asti71.org\/index.php\/wp-json\/wp\/v2\/comments?post=985"}],"version-history":[{"count":7,"href":"https:\/\/asti71.org\/index.php\/wp-json\/wp\/v2\/posts\/985\/revisions"}],"predecessor-version":[{"id":2401,"href":"https:\/\/asti71.org\/index.php\/wp-json\/wp\/v2\/posts\/985\/revisions\/2401"}],"wp:featuredmedia":[{"embeddable":true,"href":"https:\/\/asti71.org\/index.php\/wp-json\/wp\/v2\/media\/984"}],"wp:attachment":[{"href":"https:\/\/asti71.org\/index.php\/wp-json\/wp\/v2\/media?parent=985"}],"wp:term":[{"taxonomy":"category","embeddable":true,"href":"https:\/\/asti71.org\/index.php\/wp-json\/wp\/v2\/categories?post=985"},{"taxonomy":"post_tag","embeddable":true,"href":"https:\/\/asti71.org\/index.php\/wp-json\/wp\/v2\/tags?post=985"}],"curies":[{"name":"wp","href":"https:\/\/api.w.org\/{rel}","templated":true}]}}